{"id":155726,"date":"2020-02-29T07:40:44","date_gmt":"2020-02-29T10:40:44","guid":{"rendered":"http:\/\/www.caririemacao.com\/1\/?p=155726"},"modified":"2020-02-29T07:40:46","modified_gmt":"2020-02-29T10:40:46","slug":"senador-paraibano-sobre-bolsonaro-superficialissimo-e-muito-raso-nos-conceitos","status":"publish","type":"post","link":"https:\/\/www.caririemacao.com\/1\/2020\/02\/29\/senador-paraibano-sobre-bolsonaro-superficialissimo-e-muito-raso-nos-conceitos\/","title":{"rendered":"Senador paraibano sobre Bolsonaro: \u201cSuperficial\u00edssimo e muito raso nos conceitos\u201d"},"content":{"rendered":"\n<p><br>Osenador Veneziano Vital do R\u00eago (PSB) afirmou que o ano de 2019 foi marcado pelo \u201cestremecimento\u201d e cabos de guerra entre os poderes Legislativo, Executivo e Judici\u00e1rio, mas ao final do ano foi poss\u00edvel observar que \u201co Congresso foi extremamente produtivo e assumiu a responsabilidade de debater pautas independente do assunto\u201d.<\/p>\n\n\n\n<p>Ele lamentou a atual realidade que o pa\u00eds est\u00e1 vivendo, quando \u00e9 poss\u00edvel observar que o presidente Jair Bolsonaro (Alian\u00e7a), de forma deliberada, escolhe alguns inimigos e faz com que o Brasil \u201cfique dividido no manique\u00edsmo de extrema direita ou extrema esquerda\u201d.<\/p>\n\n\n\n<figure class=\"wp-block-image\"><img decoding=\"async\" data-src=\"https:\/\/paraibaonline.com.br\/wp-content\/uploads\/2020\/02\/vene2802b.jpg\" alt=\"Foto: Paraibaonline\" class=\"wp-image-840060 lazyload\" src=\"data:image\/svg+xml;base64,PHN2ZyB3aWR0aD0iMSIgaGVpZ2h0PSIxIiB4bWxucz0iaHR0cDovL3d3dy53My5vcmcvMjAwMC9zdmciPjwvc3ZnPg==\" \/><\/figure>\n\n\n\n<p>Foto: Paraibaonline<\/p>\n\n\n\n<p>Segundo Veneziano, em entrevista \u00e0 R\u00e1dio Caturit\u00e9 FM, o chamamento contra o Congresso n\u00e3o ajuda em nada o pa\u00eds, tendo em vista que existem pautas muito importantes a serem debatidas, como Sa\u00fade e Educa\u00e7\u00e3o.<\/p>\n\n\n\n<p>\u2013 Fico perplexo. Pois \u00e9 como se n\u00e3o tiv\u00e9ssemos pautas muito mais importantes para debater e resolver \u2013 enfatizou.<\/p>\n\n\n\n<p>Acerca do presidente Bolsonaro, Veneziano considerou que ele se aproveitou do momento de \u201cexaust\u00e3o\u201d que o pa\u00eds vivia para se eleger.<\/p>\n\n\n\n<p>\u2013 \u00c9 uma pessoa superficial\u00edssima e muito raso nos conceitos. Foi eleito em um contexto nacional de exaurimento claro que ainda perdura e aproveitou-se do sentimento de repulsa \u2013 disse.<\/p>\n","protected":false},"excerpt":{"rendered":"<p>Osenador Veneziano Vital do R\u00eago (PSB) afirmou que o ano de 2019 foi marcado pelo \u201cestremecimento\u201d e cabos de guerra entre os poderes Legislativo, Executivo&hellip; <\/p>\n","protected":false},"author":2,"featured_media":119733,"comment_status":"closed","ping_status":"closed","sticky":false,"template":"","format":"standard","meta":{"sfsi_plus_gutenberg_text_before_share":"","sfsi_plus_gutenberg_show_text_before_share":"","sfsi_plus_gutenberg_icon_type":"","sfsi_plus_gutenberg_icon_alignemt":"","sfsi_plus_gutenburg_max_per_row":"","footnotes":""},"categories":[11],"tags":[],"class_list":["post-155726","post","type-post","status-publish","format-standard","has-post-thumbnail","hentry","category-politica"],"_links":{"self":[{"href":"https:\/\/www.caririemacao.com\/1\/wp-json\/wp\/v2\/posts\/155726","targetHints":{"allow":["GET"]}}],"collection":[{"href":"https:\/\/www.caririemacao.com\/1\/wp-json\/wp\/v2\/posts"}],"about":[{"href":"https:\/\/www.caririemacao.com\/1\/wp-json\/wp\/v2\/types\/post"}],"author":[{"embeddable":true,"href":"https:\/\/www.caririemacao.com\/1\/wp-json\/wp\/v2\/users\/2"}],"replies":[{"embeddable":true,"href":"https:\/\/www.caririemacao.com\/1\/wp-json\/wp\/v2\/comments?post=155726"}],"version-history":[{"count":1,"href":"https:\/\/www.caririemacao.com\/1\/wp-json\/wp\/v2\/posts\/155726\/revisions"}],"predecessor-version":[{"id":155727,"href":"https:\/\/www.caririemacao.com\/1\/wp-json\/wp\/v2\/posts\/155726\/revisions\/155727"}],"wp:featuredmedia":[{"embeddable":true,"href":"https:\/\/www.caririemacao.com\/1\/wp-json\/wp\/v2\/media\/119733"}],"wp:attachment":[{"href":"https:\/\/www.caririemacao.com\/1\/wp-json\/wp\/v2\/media?parent=155726"}],"wp:term":[{"taxonomy":"category","embeddable":true,"href":"https:\/\/www.caririemacao.com\/1\/wp-json\/wp\/v2\/categories?post=155726"},{"taxonomy":"post_tag","embeddable":true,"href":"https:\/\/www.caririemacao.com\/1\/wp-json\/wp\/v2\/tags?post=155726"}],"curies":[{"name":"wp","href":"https:\/\/api.w.org\/{rel}","templated":true}]}}