{"id":155731,"date":"2020-02-29T07:42:11","date_gmt":"2020-02-29T10:42:11","guid":{"rendered":"http:\/\/www.caririemacao.com\/1\/?p=155731"},"modified":"2020-02-29T07:42:13","modified_gmt":"2020-02-29T10:42:13","slug":"sifilis-congenita-paraiba-tem-taxas-menores-que-o-brasil-e-o-nordeste","status":"publish","type":"post","link":"https:\/\/www.caririemacao.com\/1\/2020\/02\/29\/sifilis-congenita-paraiba-tem-taxas-menores-que-o-brasil-e-o-nordeste\/","title":{"rendered":"S\u00edfilis cong\u00eanita: Para\u00edba tem taxas menores que o Brasil e o Nordeste"},"content":{"rendered":"\n<p>A Secretaria de Estado da Sa\u00fade (SES) divulgou boletim epidemiol\u00f3gico da s\u00edfilis, nesta sexta-feira (28), segundo o qual a Para\u00edba tem taxas menores que o Brasil e o Nordeste em casos de s\u00edfilis cong\u00eanita (em beb\u00eas).<\/p>\n\n\n\n<p>Enquanto no Brasil, no ano de 2018, a incid\u00eancia de s\u00edfilis cong\u00eanita era de 9,6 casos por 1.000 nascidos vivos, no Nordeste era 9,0 e na Para\u00edba, 6,7.<\/p>\n\n\n\n<p>No entanto, houve aumento no n\u00famero de casos no ano de 2019, quando as taxas foram 7,4 casos.<\/p>\n\n\n\n<p>A s\u00edfilis cong\u00eanita \u00e9 uma das tr\u00eas fases da doen\u00e7a, tendo tamb\u00e9m a adquirida \u2013 na popula\u00e7\u00e3o em geral e em gestantes.<\/p>\n\n\n\n<p>Crian\u00e7as que nascem com s\u00edfilis ficam com sequelas graves para o resto da vida.<\/p>\n\n\n\n<p>\u201cA infec\u00e7\u00e3o pode causar m\u00e1-forma\u00e7\u00e3o do feto, aborto ou morte do beb\u00ea, quando este nasce gravemente doente. Ainda h\u00e1 outras consequ\u00eancias da s\u00edfilis cong\u00eanita, a exemplo de cegueira, surdez, problemas card\u00edacos, neurol\u00f3gicos, na denti\u00e7\u00e3o, na fala, entre outras\u201d, disse a chefe do N\u00facleo de IST\/Aids, Joanna Ramalho.<\/p>\n\n\n\n<p>Joanna explica que a s\u00edfilis cong\u00eanita \u00e9 transmitida da m\u00e3e para o filho.<\/p>\n\n\n\n<p>\u201cPor isso, a maior estrat\u00e9gia da SES \u00e9 junto \u00e0s gestantes que devem fazer o pr\u00e9-natal na Aten\u00e7\u00e3o B\u00e1sica (AB), e logo na primeira consulta \u00e9 feito o exame r\u00e1pido (15 minutos), que detecta a doen\u00e7a. Caso d\u00ea positivo, o tratamento \u00e9 iniciado, imediatamente, com penicilina, na pr\u00f3pria AB\u201d, explicou.<\/p>\n\n\n\n<p>Em 2019, na Para\u00edba, observou-se uma taxa de detec\u00e7\u00e3o de 17,1% de casos de s\u00edfilis em gestantes, para cada 1.000 nascidos vivos (3% superior a taxa observada no ano anterior).<\/p>\n\n\n\n<p>Ainda de acordo com o boletim, quando analisada a idade gestacional de detec\u00e7\u00e3o de s\u00edfilis em gestante, observou-se que, em 2019, a maior propor\u00e7\u00e3o das mulheres (43,1%) foi diagnosticada no terceiro trimestre; 21,45% representaram diagn\u00f3sticos no segundo trimestre e 26,7% no primeiro trimestre.<\/p>\n\n\n\n<p>\u201cEste \u00e9 um dado preocupante j\u00e1 que o desej\u00e1vel \u00e9 a realiza\u00e7\u00e3o dessa detec\u00e7\u00e3o, o mais precoce poss\u00edvel, ao iniciar o pr\u00e9-natal\u201d, falou.<\/p>\n\n\n\n<p>Em rela\u00e7\u00e3o \u00e0 s\u00edfilis adquirida, em 2019, foram notificados 1.923 casos. A 1\u00aa Regi\u00e3o de Sa\u00fade \u00e9 a que concentra o maior percentual, com mais de 70%, sendo Jo\u00e3o Pessoa, Santa Rita, Bayeux e Cabedelo com o maior n\u00famero de casos.<\/p>\n\n\n\n<p>A faixa et\u00e1ria com a maior taxa de detec\u00e7\u00e3o de s\u00edfilis adquirida \u00e9 entre 20 a 39 anos e mais de 68% dos casos s\u00e3o do sexo masculino.<\/p>\n\n\n\n<p>\u201cVivemos uma epidemia de s\u00edfilis, em todo pa\u00eds. Da\u00ed a necessidade de estar sempre monitorando e tratando. \u00c9 bom lembrar que se trata de uma Infec\u00e7\u00e3o Sexualmente Transmiss\u00edvel (IST), de f\u00e1cil transmiss\u00e3o, mas que pode ser evitada com o uso de preservativo\u201d, ressaltou.<\/p>\n\n\n\n<p>De acordo com Joanna Ramalho, a SES j\u00e1 desenvolve uma pol\u00edtica em rela\u00e7\u00e3o \u00e0 s\u00edfilis, em todas as suas fases, que vai desde a distribui\u00e7\u00e3o de preservativos; o di\u00e1logo com profissionais de sa\u00fade da AB, para atuarem no sentido do diagn\u00f3stico precoce da doen\u00e7a e a distribui\u00e7\u00e3o e treinamento de teste r\u00e1pido junto aos munic\u00edpios.<\/p>\n","protected":false},"excerpt":{"rendered":"<p>A Secretaria de Estado da Sa\u00fade (SES) divulgou boletim epidemiol\u00f3gico da s\u00edfilis, nesta sexta-feira (28), segundo o qual a Para\u00edba tem taxas menores que o&hellip; <\/p>\n","protected":false},"author":2,"featured_media":155732,"comment_status":"closed","ping_status":"closed","sticky":false,"template":"","format":"standard","meta":{"sfsi_plus_gutenberg_text_before_share":"","sfsi_plus_gutenberg_show_text_before_share":"","sfsi_plus_gutenberg_icon_type":"","sfsi_plus_gutenberg_icon_alignemt":"","sfsi_plus_gutenburg_max_per_row":"","footnotes":""},"categories":[16],"tags":[],"class_list":["post-155731","post","type-post","status-publish","format-standard","has-post-thumbnail","hentry","category-saude"],"_links":{"self":[{"href":"https:\/\/www.caririemacao.com\/1\/wp-json\/wp\/v2\/posts\/155731","targetHints":{"allow":["GET"]}}],"collection":[{"href":"https:\/\/www.caririemacao.com\/1\/wp-json\/wp\/v2\/posts"}],"about":[{"href":"https:\/\/www.caririemacao.com\/1\/wp-json\/wp\/v2\/types\/post"}],"author":[{"embeddable":true,"href":"https:\/\/www.caririemacao.com\/1\/wp-json\/wp\/v2\/users\/2"}],"replies":[{"embeddable":true,"href":"https:\/\/www.caririemacao.com\/1\/wp-json\/wp\/v2\/comments?post=155731"}],"version-history":[{"count":1,"href":"https:\/\/www.caririemacao.com\/1\/wp-json\/wp\/v2\/posts\/155731\/revisions"}],"predecessor-version":[{"id":155733,"href":"https:\/\/www.caririemacao.com\/1\/wp-json\/wp\/v2\/posts\/155731\/revisions\/155733"}],"wp:featuredmedia":[{"embeddable":true,"href":"https:\/\/www.caririemacao.com\/1\/wp-json\/wp\/v2\/media\/155732"}],"wp:attachment":[{"href":"https:\/\/www.caririemacao.com\/1\/wp-json\/wp\/v2\/media?parent=155731"}],"wp:term":[{"taxonomy":"category","embeddable":true,"href":"https:\/\/www.caririemacao.com\/1\/wp-json\/wp\/v2\/categories?post=155731"},{"taxonomy":"post_tag","embeddable":true,"href":"https:\/\/www.caririemacao.com\/1\/wp-json\/wp\/v2\/tags?post=155731"}],"curies":[{"name":"wp","href":"https:\/\/api.w.org\/{rel}","templated":true}]}}