{"id":155738,"date":"2020-02-29T07:50:10","date_gmt":"2020-02-29T10:50:10","guid":{"rendered":"http:\/\/www.caririemacao.com\/1\/?p=155738"},"modified":"2020-02-29T07:50:11","modified_gmt":"2020-02-29T10:50:11","slug":"ler-dort-equivale-a-acidente-de-trabalho-e-lei-garante-os-mesmos-direitos","status":"publish","type":"post","link":"https:\/\/www.caririemacao.com\/1\/2020\/02\/29\/ler-dort-equivale-a-acidente-de-trabalho-e-lei-garante-os-mesmos-direitos\/","title":{"rendered":"LER-Dort equivale a acidente de trabalho e lei garante os mesmos direitos"},"content":{"rendered":"\n<p>As pessoas que sofrem de Dist\u00farbios Osteomusculares Relacionados ao Trabalho (Dort) ou simplesmente Les\u00e3o Por Esfor\u00e7o Repetitivo (LER) t\u00eam os mesmos direitos trabalhistas e previdenci\u00e1rios que qualquer outro trabalhador que tenha se lesionado no ambiente de trabalho.<\/p>\n\n\n\n<p>De acordo com o advogado trabalhista Daniel Tabosa, a lei previdenci\u00e1ria equipara as doen\u00e7as ocupacionais e o LER \u00e9 acidente de trabalho.<\/p>\n\n\n\n<p>\u2013 O trabalhador vai ter direito \u00e0 estabilidade decorrente do acidente de trabalho de 12 meses, ap\u00f3s a alta previdenci\u00e1ria, ou seja, n\u00e3o podem ser demitidas por justa causa neste per\u00edodo. V\u00e3o ter direito tamb\u00e9m a uma indeniza\u00e7\u00e3o por danos morais, decorrente da les\u00e3o adquirida e, em caso de uma les\u00e3o que implique uma redu\u00e7\u00e3o da capacidade de trabalho, ter\u00e1 direito tamb\u00e9m a uma indeniza\u00e7\u00e3o por dano material \u2013 disse, durante entrevista \u00e0 R\u00e1dio Campina FM.<\/p>\n\n\n\n<p>Ele ressaltou que a indeniza\u00e7\u00e3o por dano material consta no C\u00f3digo Civil. Ent\u00e3o, segundo Tabosa, enquanto perdurar uma les\u00e3o parcial, mas pass\u00edvel de revers\u00e3o por meio cir\u00fargico ou outro, o trabalhador vai ter direito a receber essa indeniza\u00e7\u00e3o.<\/p>\n\n\n\n<p>\u2013 O trabalhador vai ter direito ao aux\u00edlio acidente de qualquer natureza, mesmo que n\u00e3o esteja incapacitado e totalmente fora do trabalho. Basta apenas uma redu\u00e7\u00e3o na capacidade laboral que ele ter\u00e1 direito a esse aux\u00edlio e inclusive estando trabalhando. Esse benef\u00edcio, ele \u00e9 pago at\u00e9 a data da aposentadoria ou at\u00e9 a data da morte do trabalhador \u2013 disse.<\/p>\n","protected":false},"excerpt":{"rendered":"<p>As pessoas que sofrem de Dist\u00farbios Osteomusculares Relacionados ao Trabalho (Dort) ou simplesmente Les\u00e3o Por Esfor\u00e7o Repetitivo (LER) t\u00eam os mesmos direitos trabalhistas e previdenci\u00e1rios&hellip; <\/p>\n","protected":false},"author":2,"featured_media":96305,"comment_status":"closed","ping_status":"closed","sticky":false,"template":"","format":"standard","meta":{"sfsi_plus_gutenberg_text_before_share":"","sfsi_plus_gutenberg_show_text_before_share":"","sfsi_plus_gutenberg_icon_type":"","sfsi_plus_gutenberg_icon_alignemt":"","sfsi_plus_gutenburg_max_per_row":"","footnotes":""},"categories":[2],"tags":[],"class_list":["post-155738","post","type-post","status-publish","format-standard","has-post-thumbnail","hentry","category-geral"],"_links":{"self":[{"href":"https:\/\/www.caririemacao.com\/1\/wp-json\/wp\/v2\/posts\/155738","targetHints":{"allow":["GET"]}}],"collection":[{"href":"https:\/\/www.caririemacao.com\/1\/wp-json\/wp\/v2\/posts"}],"about":[{"href":"https:\/\/www.caririemacao.com\/1\/wp-json\/wp\/v2\/types\/post"}],"author":[{"embeddable":true,"href":"https:\/\/www.caririemacao.com\/1\/wp-json\/wp\/v2\/users\/2"}],"replies":[{"embeddable":true,"href":"https:\/\/www.caririemacao.com\/1\/wp-json\/wp\/v2\/comments?post=155738"}],"version-history":[{"count":1,"href":"https:\/\/www.caririemacao.com\/1\/wp-json\/wp\/v2\/posts\/155738\/revisions"}],"predecessor-version":[{"id":155739,"href":"https:\/\/www.caririemacao.com\/1\/wp-json\/wp\/v2\/posts\/155738\/revisions\/155739"}],"wp:featuredmedia":[{"embeddable":true,"href":"https:\/\/www.caririemacao.com\/1\/wp-json\/wp\/v2\/media\/96305"}],"wp:attachment":[{"href":"https:\/\/www.caririemacao.com\/1\/wp-json\/wp\/v2\/media?parent=155738"}],"wp:term":[{"taxonomy":"category","embeddable":true,"href":"https:\/\/www.caririemacao.com\/1\/wp-json\/wp\/v2\/categories?post=155738"},{"taxonomy":"post_tag","embeddable":true,"href":"https:\/\/www.caririemacao.com\/1\/wp-json\/wp\/v2\/tags?post=155738"}],"curies":[{"name":"wp","href":"https:\/\/api.w.org\/{rel}","templated":true}]}}