{"id":155742,"date":"2020-02-29T07:51:12","date_gmt":"2020-02-29T10:51:12","guid":{"rendered":"http:\/\/www.caririemacao.com\/1\/?p=155742"},"modified":"2020-02-29T07:51:14","modified_gmt":"2020-02-29T10:51:14","slug":"concurso-publico-de-cabedelo-adia-data-das-provas","status":"publish","type":"post","link":"https:\/\/www.caririemacao.com\/1\/2020\/02\/29\/concurso-publico-de-cabedelo-adia-data-das-provas\/","title":{"rendered":"Concurso P\u00fablico de Cabedelo adia data das provas"},"content":{"rendered":"\n<p>A Prefeitura Municipal de Cabedelo divulgou na noite desta sexta-feira (28) a confirma\u00e7\u00e3o do adiamento das provas do concurso p\u00fablico.<\/p>\n\n\n\n<ul class=\"wp-block-list\"><li><a href=\"https:\/\/www.clickpb.com.br\/media\/filer_public\/50\/a0\/50a04989-8220-46e1-a0c3-c7b49f6de451\/edital-no-8-edital-de-provas.pdf\">Confira aqui o edital.<\/a><\/li><\/ul>\n\n\n\n<p>As provas objetivas do concurso p\u00fablico, com 24.723 inscritos, estava prevista para ocorrer em 8 de mar\u00e7o.<\/p>\n\n\n\n<p>Com a publica\u00e7\u00e3o do edital, a data das provas foi adiada para os dias 15 e 22 de mar\u00e7o.<\/p>\n\n\n\n<p>Os cargos com mais n\u00famero de concorrentes s\u00e3o os para T\u00e9cnico em Auditoria de Controle Interno (1.195 por vaga), Agente de Combate a Endemias (535 por vaga) e Auditor de Controle Interno (397 por vaga).<\/p>\n\n\n\n<p>O concurso oferece vagas nos n\u00edveis m\u00e9dio, t\u00e9cnico e superior. As provas est\u00e3o previstas para o dia 8 de mar\u00e7o, pela manh\u00e3 (cargos de N\u00edvel M\u00e9dio e T\u00e9cnico) e \u00e0 tarde (cargos de N\u00edvel Superior e para Agente de Tr\u00e2nsito).&nbsp;<\/p>\n\n\n\n<p>Foram oferecidas vagas para as seguintes fun\u00e7\u00f5es: Agentes de Tr\u00e2nsito, Guarda Civil Metropolitana: Professores de Educa\u00e7\u00e3o B\u00e1sica I, Professores de Educa\u00e7\u00e3o B\u00e1sica II (Portugu\u00eas, Matem\u00e1tica, Hist\u00f3ria, Geografia, Ci\u00eancias, Ingl\u00eas, Artes Visuais, Educa\u00e7\u00e3o F\u00edsica), Int\u00e9rprete de Sinais, Cuidados da Educa\u00e7\u00e3o, Agente Comunit\u00e1rio de Sa\u00fade, Agente de Endemias, Bibliotec\u00e1rio, Auxiliar Bucal, Auditor de Controle Interno e T\u00e9cnico em Auditoria de Controle Interno.<\/p>\n","protected":false},"excerpt":{"rendered":"<p>A Prefeitura Municipal de Cabedelo divulgou na noite desta sexta-feira (28) a confirma\u00e7\u00e3o do adiamento das provas do concurso p\u00fablico. Confira aqui o edital. As&hellip; <\/p>\n","protected":false},"author":2,"featured_media":97668,"comment_status":"closed","ping_status":"closed","sticky":false,"template":"","format":"standard","meta":{"sfsi_plus_gutenberg_text_before_share":"","sfsi_plus_gutenberg_show_text_before_share":"","sfsi_plus_gutenberg_icon_type":"","sfsi_plus_gutenberg_icon_alignemt":"","sfsi_plus_gutenburg_max_per_row":"","footnotes":""},"categories":[6],"tags":[],"class_list":["post-155742","post","type-post","status-publish","format-standard","has-post-thumbnail","hentry","category-cidades"],"_links":{"self":[{"href":"https:\/\/www.caririemacao.com\/1\/wp-json\/wp\/v2\/posts\/155742","targetHints":{"allow":["GET"]}}],"collection":[{"href":"https:\/\/www.caririemacao.com\/1\/wp-json\/wp\/v2\/posts"}],"about":[{"href":"https:\/\/www.caririemacao.com\/1\/wp-json\/wp\/v2\/types\/post"}],"author":[{"embeddable":true,"href":"https:\/\/www.caririemacao.com\/1\/wp-json\/wp\/v2\/users\/2"}],"replies":[{"embeddable":true,"href":"https:\/\/www.caririemacao.com\/1\/wp-json\/wp\/v2\/comments?post=155742"}],"version-history":[{"count":1,"href":"https:\/\/www.caririemacao.com\/1\/wp-json\/wp\/v2\/posts\/155742\/revisions"}],"predecessor-version":[{"id":155743,"href":"https:\/\/www.caririemacao.com\/1\/wp-json\/wp\/v2\/posts\/155742\/revisions\/155743"}],"wp:featuredmedia":[{"embeddable":true,"href":"https:\/\/www.caririemacao.com\/1\/wp-json\/wp\/v2\/media\/97668"}],"wp:attachment":[{"href":"https:\/\/www.caririemacao.com\/1\/wp-json\/wp\/v2\/media?parent=155742"}],"wp:term":[{"taxonomy":"category","embeddable":true,"href":"https:\/\/www.caririemacao.com\/1\/wp-json\/wp\/v2\/categories?post=155742"},{"taxonomy":"post_tag","embeddable":true,"href":"https:\/\/www.caririemacao.com\/1\/wp-json\/wp\/v2\/tags?post=155742"}],"curies":[{"name":"wp","href":"https:\/\/api.w.org\/{rel}","templated":true}]}}