{"id":155754,"date":"2020-02-29T07:55:16","date_gmt":"2020-02-29T10:55:16","guid":{"rendered":"http:\/\/www.caririemacao.com\/1\/?p=155754"},"modified":"2020-02-29T07:55:18","modified_gmt":"2020-02-29T10:55:18","slug":"brasil-tem-182-casos-suspeitos-de-coronavirus-diz-ministerio-da-saude","status":"publish","type":"post","link":"https:\/\/www.caririemacao.com\/1\/2020\/02\/29\/brasil-tem-182-casos-suspeitos-de-coronavirus-diz-ministerio-da-saude\/","title":{"rendered":"Brasil tem 182 casos suspeitos de coronav\u00edrus, diz Minist\u00e9rio da Sa\u00fade"},"content":{"rendered":"\n<p>O Minist\u00e9rio da Sa\u00fade informou nesta sexta-feira (28) que o Brasil tem 182 casos suspeitos de coronav\u00edrus. At\u00e9 o momento, somente um caso foi confirmado.<\/p>\n\n\n\n<p>Mais cedo, em S\u00e3o Paulo, o governo do estado de S\u00e3o Paulo informou que os tr\u00eas familiares do homem infectado com coronav\u00edrus n\u00e3o est\u00e3o mais sob suspeita de estarem contaminados. Os casos foram exclu\u00eddos ap\u00f3s exames laboratoriais. Esses familiares tiveram contato com o paciente contaminado no \u00faltimo domingo (23), em um almo\u00e7o de fam\u00edlia, ap\u00f3s o homem retornar da It\u00e1lia.<\/p>\n\n\n\n<p>O morador de S\u00e3o Paulo, de 61 anos, infectado com coronav\u00edrus permanece em isolamento domiciliar e passa bem, informou a Secretaria Estadual de Sa\u00fade nesta manh\u00e3. O paciente retornou de Turim, no norte da It\u00e1lia, na sexta-feira (21) e teve o diagn\u00f3stico confirmado na quarta-feira (26).<\/p>\n\n\n\n<p>\u201cO paciente est\u00e1 muito bem e sair\u00e1 da quarentena assim que sair dos sintomas cl\u00ednicos\u201d, disse o m\u00e9dico infectologista David Uip.<\/p>\n\n\n\n<p>David Uip ressaltou a import\u00e2ncia de diminuir a expectativa da popula\u00e7\u00e3o em rela\u00e7\u00e3o a dissemina\u00e7\u00e3o do v\u00edrus. \u201cN\u00e3o \u00e9 poss\u00edvel que n\u00f3s consigamos evitar a transmiss\u00e3o de uma doen\u00e7a viral\u201d.<\/p>\n","protected":false},"excerpt":{"rendered":"<p>O Minist\u00e9rio da Sa\u00fade informou nesta sexta-feira (28) que o Brasil tem 182 casos suspeitos de coronav\u00edrus. At\u00e9 o momento, somente um caso foi confirmado.&hellip; <\/p>\n","protected":false},"author":2,"featured_media":155755,"comment_status":"closed","ping_status":"closed","sticky":false,"template":"","format":"standard","meta":{"sfsi_plus_gutenberg_text_before_share":"","sfsi_plus_gutenberg_show_text_before_share":"","sfsi_plus_gutenberg_icon_type":"","sfsi_plus_gutenberg_icon_alignemt":"","sfsi_plus_gutenburg_max_per_row":"","footnotes":""},"categories":[50,16],"tags":[],"class_list":["post-155754","post","type-post","status-publish","format-standard","has-post-thumbnail","hentry","category-destaque","category-saude"],"_links":{"self":[{"href":"https:\/\/www.caririemacao.com\/1\/wp-json\/wp\/v2\/posts\/155754","targetHints":{"allow":["GET"]}}],"collection":[{"href":"https:\/\/www.caririemacao.com\/1\/wp-json\/wp\/v2\/posts"}],"about":[{"href":"https:\/\/www.caririemacao.com\/1\/wp-json\/wp\/v2\/types\/post"}],"author":[{"embeddable":true,"href":"https:\/\/www.caririemacao.com\/1\/wp-json\/wp\/v2\/users\/2"}],"replies":[{"embeddable":true,"href":"https:\/\/www.caririemacao.com\/1\/wp-json\/wp\/v2\/comments?post=155754"}],"version-history":[{"count":1,"href":"https:\/\/www.caririemacao.com\/1\/wp-json\/wp\/v2\/posts\/155754\/revisions"}],"predecessor-version":[{"id":155756,"href":"https:\/\/www.caririemacao.com\/1\/wp-json\/wp\/v2\/posts\/155754\/revisions\/155756"}],"wp:featuredmedia":[{"embeddable":true,"href":"https:\/\/www.caririemacao.com\/1\/wp-json\/wp\/v2\/media\/155755"}],"wp:attachment":[{"href":"https:\/\/www.caririemacao.com\/1\/wp-json\/wp\/v2\/media?parent=155754"}],"wp:term":[{"taxonomy":"category","embeddable":true,"href":"https:\/\/www.caririemacao.com\/1\/wp-json\/wp\/v2\/categories?post=155754"},{"taxonomy":"post_tag","embeddable":true,"href":"https:\/\/www.caririemacao.com\/1\/wp-json\/wp\/v2\/tags?post=155754"}],"curies":[{"name":"wp","href":"https:\/\/api.w.org\/{rel}","templated":true}]}}