{"id":155764,"date":"2020-02-29T08:00:13","date_gmt":"2020-02-29T11:00:13","guid":{"rendered":"http:\/\/www.caririemacao.com\/1\/?p=155764"},"modified":"2020-02-29T08:00:14","modified_gmt":"2020-02-29T11:00:14","slug":"petrobras-corta-preco-da-gasolina-e-do-diesel-nas-refinarias-a-partir-de-sabado","status":"publish","type":"post","link":"https:\/\/www.caririemacao.com\/1\/2020\/02\/29\/petrobras-corta-preco-da-gasolina-e-do-diesel-nas-refinarias-a-partir-de-sabado\/","title":{"rendered":"Petrobras corta pre\u00e7o da gasolina e do diesel nas refinarias a partir de s\u00e1bado"},"content":{"rendered":"\n<p>A Petrobr\u00e1s informou nesta sexta-feira (28) que vai reduzir o pre\u00e7o do diesel em 5% e da gasolina em 4% nas refinarias a partir deste s\u00e1bado (29).<\/p>\n\n\n\n<p>A queda nos pre\u00e7os dos combust\u00edveis, destaca a Reuters, ocorre ap\u00f3s quedas expressivas do petr\u00f3leo no mercado internacional, diante da amplia\u00e7\u00e3o de casos do coronav\u00edrus pelo mundo, em um movimento que traz temores sobre uma desacelera\u00e7\u00e3o da economia global e na demanda por combust\u00edveis.<\/p>\n\n\n\n<p>O repasse de ajustes dos combust\u00edveis nas refinarias para o consumidor final nos postos, no entanto, n\u00e3o \u00e9 imediato e depende de diversos fatores, como consumo de estoques, impostos, margens de distribui\u00e7\u00e3o e revenda e mistura de biocombust\u00edveis.<\/p>\n\n\n\n<p><strong>Pre\u00e7os nos postos<\/strong><br><\/p>\n\n\n\n<p>Na semana passada, os pre\u00e7os dos combust\u00edveis nos postos recuaram na semana, segundo dados divulgados da Ag\u00eancia Nacional do Petr\u00f3leo, G\u00e1s Natural e Biocombust\u00edveis (ANP).<\/p>\n\n\n\n<p>De acordo com o levantamento da ANP, o valor m\u00e9dio do litro da gasolina para o consumidor recuou 0,29%, para R$ 4,537, na quarta queda seguida. O pre\u00e7o do litro do diesel caiu 0,27% no per\u00edodo, para R$ 3,701, em m\u00e9dia.<\/p>\n\n\n\n<p>J\u00e1 o litro do etanol teve queda de 0,46%, para R$ 3,241.<\/p>\n","protected":false},"excerpt":{"rendered":"<p>A Petrobr\u00e1s informou nesta sexta-feira (28) que vai reduzir o pre\u00e7o do diesel em 5% e da gasolina em 4% nas refinarias a partir deste&hellip; <\/p>\n","protected":false},"author":2,"featured_media":112247,"comment_status":"closed","ping_status":"closed","sticky":false,"template":"","format":"standard","meta":{"sfsi_plus_gutenberg_text_before_share":"","sfsi_plus_gutenberg_show_text_before_share":"","sfsi_plus_gutenberg_icon_type":"","sfsi_plus_gutenberg_icon_alignemt":"","sfsi_plus_gutenburg_max_per_row":"","footnotes":""},"categories":[50,2],"tags":[],"class_list":["post-155764","post","type-post","status-publish","format-standard","has-post-thumbnail","hentry","category-destaque","category-geral"],"_links":{"self":[{"href":"https:\/\/www.caririemacao.com\/1\/wp-json\/wp\/v2\/posts\/155764","targetHints":{"allow":["GET"]}}],"collection":[{"href":"https:\/\/www.caririemacao.com\/1\/wp-json\/wp\/v2\/posts"}],"about":[{"href":"https:\/\/www.caririemacao.com\/1\/wp-json\/wp\/v2\/types\/post"}],"author":[{"embeddable":true,"href":"https:\/\/www.caririemacao.com\/1\/wp-json\/wp\/v2\/users\/2"}],"replies":[{"embeddable":true,"href":"https:\/\/www.caririemacao.com\/1\/wp-json\/wp\/v2\/comments?post=155764"}],"version-history":[{"count":1,"href":"https:\/\/www.caririemacao.com\/1\/wp-json\/wp\/v2\/posts\/155764\/revisions"}],"predecessor-version":[{"id":155765,"href":"https:\/\/www.caririemacao.com\/1\/wp-json\/wp\/v2\/posts\/155764\/revisions\/155765"}],"wp:featuredmedia":[{"embeddable":true,"href":"https:\/\/www.caririemacao.com\/1\/wp-json\/wp\/v2\/media\/112247"}],"wp:attachment":[{"href":"https:\/\/www.caririemacao.com\/1\/wp-json\/wp\/v2\/media?parent=155764"}],"wp:term":[{"taxonomy":"category","embeddable":true,"href":"https:\/\/www.caririemacao.com\/1\/wp-json\/wp\/v2\/categories?post=155764"},{"taxonomy":"post_tag","embeddable":true,"href":"https:\/\/www.caririemacao.com\/1\/wp-json\/wp\/v2\/tags?post=155764"}],"curies":[{"name":"wp","href":"https:\/\/api.w.org\/{rel}","templated":true}]}}