{"id":155769,"date":"2020-02-29T08:01:16","date_gmt":"2020-02-29T11:01:16","guid":{"rendered":"http:\/\/www.caririemacao.com\/1\/?p=155769"},"modified":"2020-02-29T08:01:17","modified_gmt":"2020-02-29T11:01:17","slug":"vaca-brasileira-entra-no-livro-dos-recordes-por-produzir-127-kg-de-leite-em-um-unico-dia","status":"publish","type":"post","link":"https:\/\/www.caririemacao.com\/1\/2020\/02\/29\/vaca-brasileira-entra-no-livro-dos-recordes-por-produzir-127-kg-de-leite-em-um-unico-dia\/","title":{"rendered":"Vaca brasileira entra no livro dos recordes por produzir 127 kg de leite em um \u00fanico dia"},"content":{"rendered":"\n<p>Mar\u00edlia produziu 127,570 kg\/leite em tr\u00eas ordenhas, no dia 3 de agosto de 2019, durante o 34\u00b0 Torneio Leiteiro de Areias (SP), que foi homologado pelo Minist\u00e9rio da Agricultura, Pecu\u00e1ria e Abastecimento e pela Secretaria de Agricultura e Abastecimento do Estado de S\u00e3o Paulo.<br><\/p>\n\n\n\n<p>A marca superou \u00e0 da vaca cubana Ubre Blanca, que em junho de 1981 produziu em um s\u00f3 dia 110,9 kg\/leite em regime de tr\u00eas ordenhas. \u201cFoi o primeiro torneio em que ela participou e j\u00e1 saiu com essa grande conquista\u201d, destacou Gustavo Souza, um dos propriet\u00e1rios da recordista.<\/p>\n\n\n\n<p><strong>Animal nasceu em SP<\/strong><br><\/p>\n\n\n\n<p>Mar\u00edlia nasceu em 16 de mar\u00e7o de 2014, no criat\u00f3rio Girolando NS, nos munic\u00edpios de Bananal (SP) e Areias (SP), que pertence aos pecuaristas Andr\u00e9 Souza e Gustavo Souza. Filha do touro Teatro da Silv\u00e2nia e da matriz Apelucio Eduarda Glaucia Lord Lily, Mar\u00edlia \u00e9 uma vaca CCG 1\/2 HOL +1\/2GIR e \u00e9 registrada pela Associa\u00e7\u00e3o Brasileira dos Criadores de Girolando.<\/p>\n\n\n\n<p>\u201cEla \u00e9 muito boa na parte reprodutiva. J\u00e1 teve oito bezerras e um macho CCG 3\/4. Mar\u00edlia sempre produziu muito bem na FIV. No \u00faltimo trabalho implantamos 16 embri\u00f5es dela, fruto de uma mesma coleta\u201d, explicou Gustavo Souza.<\/p>\n\n\n\n<p>No Leil\u00e3o 70 anos Gen\u00e9tica NS, ocorrido em setembro do ano passado, Mar\u00edlia FIV Teatro de Naylo teve 50% de sua cota comercializada para a Fazenda S\u00e3o Lu\u00eds, dos criadores Paulo Afonso e Hugo Arantes, de Volta Redonda (RJ).<\/p>\n","protected":false},"excerpt":{"rendered":"<p>Mar\u00edlia produziu 127,570 kg\/leite em tr\u00eas ordenhas, no dia 3 de agosto de 2019, durante o 34\u00b0 Torneio Leiteiro de Areias (SP), que foi homologado&hellip; <\/p>\n","protected":false},"author":2,"featured_media":155770,"comment_status":"closed","ping_status":"closed","sticky":false,"template":"","format":"standard","meta":{"sfsi_plus_gutenberg_text_before_share":"","sfsi_plus_gutenberg_show_text_before_share":"","sfsi_plus_gutenberg_icon_type":"","sfsi_plus_gutenberg_icon_alignemt":"","sfsi_plus_gutenburg_max_per_row":"","footnotes":""},"categories":[2],"tags":[],"class_list":["post-155769","post","type-post","status-publish","format-standard","has-post-thumbnail","hentry","category-geral"],"_links":{"self":[{"href":"https:\/\/www.caririemacao.com\/1\/wp-json\/wp\/v2\/posts\/155769","targetHints":{"allow":["GET"]}}],"collection":[{"href":"https:\/\/www.caririemacao.com\/1\/wp-json\/wp\/v2\/posts"}],"about":[{"href":"https:\/\/www.caririemacao.com\/1\/wp-json\/wp\/v2\/types\/post"}],"author":[{"embeddable":true,"href":"https:\/\/www.caririemacao.com\/1\/wp-json\/wp\/v2\/users\/2"}],"replies":[{"embeddable":true,"href":"https:\/\/www.caririemacao.com\/1\/wp-json\/wp\/v2\/comments?post=155769"}],"version-history":[{"count":1,"href":"https:\/\/www.caririemacao.com\/1\/wp-json\/wp\/v2\/posts\/155769\/revisions"}],"predecessor-version":[{"id":155771,"href":"https:\/\/www.caririemacao.com\/1\/wp-json\/wp\/v2\/posts\/155769\/revisions\/155771"}],"wp:featuredmedia":[{"embeddable":true,"href":"https:\/\/www.caririemacao.com\/1\/wp-json\/wp\/v2\/media\/155770"}],"wp:attachment":[{"href":"https:\/\/www.caririemacao.com\/1\/wp-json\/wp\/v2\/media?parent=155769"}],"wp:term":[{"taxonomy":"category","embeddable":true,"href":"https:\/\/www.caririemacao.com\/1\/wp-json\/wp\/v2\/categories?post=155769"},{"taxonomy":"post_tag","embeddable":true,"href":"https:\/\/www.caririemacao.com\/1\/wp-json\/wp\/v2\/tags?post=155769"}],"curies":[{"name":"wp","href":"https:\/\/api.w.org\/{rel}","templated":true}]}}