{"id":155774,"date":"2020-02-29T08:02:36","date_gmt":"2020-02-29T11:02:36","guid":{"rendered":"http:\/\/www.caririemacao.com\/1\/?p=155774"},"modified":"2020-02-29T08:02:38","modified_gmt":"2020-02-29T11:02:38","slug":"exame-descarta-coronavirus-em-paciente-internado-no-clementino-fraga-em-joao-pessoa","status":"publish","type":"post","link":"https:\/\/www.caririemacao.com\/1\/2020\/02\/29\/exame-descarta-coronavirus-em-paciente-internado-no-clementino-fraga-em-joao-pessoa\/","title":{"rendered":"Exame descarta coronav\u00edrus em paciente internado no Clementino Fraga, em Jo\u00e3o Pessoa"},"content":{"rendered":"\n<p>A Secretaria de Sa\u00fade do Estado da Para\u00edba descartou nesta sexta-feira (28) a infec\u00e7\u00e3o por coronav\u00edrus no paciente que est\u00e1 internado no Hospital Clementino Fraga, em Jo\u00e3o Pessoa. O paciente, de 59 anos de idade, estava internado na unidade de sa\u00fade desde a \u00faltima segunda-feira (24), ap\u00f3s voltar de uma viagem \u00e0 It\u00e1lia.<\/p>\n\n\n\n<p>A coleta foi feita na ter\u00e7a-feira (25) e enviada para o laborat\u00f3rio do Instituto Evandro Chagas, no estado do Par\u00e1. O resultado foi divulgado no in\u00edcio da tarde desta sexta-feira (28) pelo secret\u00e1rio de Sa\u00fade, Geraldo Medeiros.<\/p>\n\n\n\n<p>O exame aponta que foi detectado Rinov\u00edrus no paciente que estava internado em ala isolada do Hospital Clementino Fraga.<\/p>\n\n\n\n<p>Como a Secretaria de Sa\u00fade havia antecipado, o homem esteve na&nbsp;It\u00e1lia entre os dias 14 e 23 de fevereiro, voltando para o Brasil na \u00faltima segunda-feira (24) em voo internacional com destino a Recife. Ainda antes da viagem ele j\u00e1 havia apresentado alguns sintomas como tosse, febre e coriza.<\/p>\n\n\n\n<p>O homem buscou o atendimento m\u00e9dico por conta pr\u00f3pria, acompanhado por familiares. A esposa dele, que tamb\u00e9m viajou \u00e0 It\u00e1lia, al\u00e9m de seu filho e sua nora permaneceram em observa\u00e7\u00e3o, mas n\u00e3o apresentaram sintomas.<\/p>\n\n\n\n<figure class=\"wp-block-image\"><img decoding=\"async\" data-src=\"https:\/\/www.clickpb.com.br\/media\/filer_public\/03\/bf\/03bfeb4a-6fec-4b0b-b333-16bbc5142e62\/exame_coronavirus.jpg\" alt=\"\" src=\"data:image\/svg+xml;base64,PHN2ZyB3aWR0aD0iMSIgaGVpZ2h0PSIxIiB4bWxucz0iaHR0cDovL3d3dy53My5vcmcvMjAwMC9zdmciPjwvc3ZnPg==\" class=\"lazyload\" \/><\/figure>\n","protected":false},"excerpt":{"rendered":"<p>A Secretaria de Sa\u00fade do Estado da Para\u00edba descartou nesta sexta-feira (28) a infec\u00e7\u00e3o por coronav\u00edrus no paciente que est\u00e1 internado no Hospital Clementino Fraga,&hellip; <\/p>\n","protected":false},"author":2,"featured_media":155775,"comment_status":"closed","ping_status":"closed","sticky":false,"template":"","format":"standard","meta":{"sfsi_plus_gutenberg_text_before_share":"","sfsi_plus_gutenberg_show_text_before_share":"","sfsi_plus_gutenberg_icon_type":"","sfsi_plus_gutenberg_icon_alignemt":"","sfsi_plus_gutenburg_max_per_row":"","footnotes":""},"categories":[2],"tags":[],"class_list":["post-155774","post","type-post","status-publish","format-standard","has-post-thumbnail","hentry","category-geral"],"_links":{"self":[{"href":"https:\/\/www.caririemacao.com\/1\/wp-json\/wp\/v2\/posts\/155774","targetHints":{"allow":["GET"]}}],"collection":[{"href":"https:\/\/www.caririemacao.com\/1\/wp-json\/wp\/v2\/posts"}],"about":[{"href":"https:\/\/www.caririemacao.com\/1\/wp-json\/wp\/v2\/types\/post"}],"author":[{"embeddable":true,"href":"https:\/\/www.caririemacao.com\/1\/wp-json\/wp\/v2\/users\/2"}],"replies":[{"embeddable":true,"href":"https:\/\/www.caririemacao.com\/1\/wp-json\/wp\/v2\/comments?post=155774"}],"version-history":[{"count":1,"href":"https:\/\/www.caririemacao.com\/1\/wp-json\/wp\/v2\/posts\/155774\/revisions"}],"predecessor-version":[{"id":155776,"href":"https:\/\/www.caririemacao.com\/1\/wp-json\/wp\/v2\/posts\/155774\/revisions\/155776"}],"wp:featuredmedia":[{"embeddable":true,"href":"https:\/\/www.caririemacao.com\/1\/wp-json\/wp\/v2\/media\/155775"}],"wp:attachment":[{"href":"https:\/\/www.caririemacao.com\/1\/wp-json\/wp\/v2\/media?parent=155774"}],"wp:term":[{"taxonomy":"category","embeddable":true,"href":"https:\/\/www.caririemacao.com\/1\/wp-json\/wp\/v2\/categories?post=155774"},{"taxonomy":"post_tag","embeddable":true,"href":"https:\/\/www.caririemacao.com\/1\/wp-json\/wp\/v2\/tags?post=155774"}],"curies":[{"name":"wp","href":"https:\/\/api.w.org\/{rel}","templated":true}]}}