{"id":155784,"date":"2020-02-29T08:17:02","date_gmt":"2020-02-29T11:17:02","guid":{"rendered":"http:\/\/www.caririemacao.com\/1\/?p=155784"},"modified":"2020-02-29T08:17:04","modified_gmt":"2020-02-29T11:17:04","slug":"audiencia-entre-governo-e-forcas-de-seguranca-e-remarcada","status":"publish","type":"post","link":"https:\/\/www.caririemacao.com\/1\/2020\/02\/29\/audiencia-entre-governo-e-forcas-de-seguranca-e-remarcada\/","title":{"rendered":"Audi\u00eancia entre Governo e For\u00e7as de Seguran\u00e7a \u00e9 remarcada"},"content":{"rendered":"\n<p>O desembargador Leandro dos Santos acredita que a negocia\u00e7\u00e3o ser\u00e1 realizada com \u00eaxito e afirmou que os resultados da audi\u00eancia foram importantes<\/p>\n\n\n\n<p>Foi realizada na manh\u00e3 desta sexta-feira (28), no Tribunal de Justi\u00e7a da Para\u00edba (TJ-PB), uma audi\u00eancia de concilia\u00e7\u00e3o entre representantes do Governo do Estado e entidades das Pol\u00edcias Militar, Civil e Bombeiros, com a finalidade de resolver o imbr\u00f3glio referente \u00e0 proposta de greve.<\/p>\n\n\n\n<p>Conduzida pelo desembargador Leandro dos Santos, que \u00e9 relator do caso, a audi\u00eancia foi suspensa e ter\u00e1 continuidade na pr\u00f3xima sexta-feira (6), \u00e0s 9h, no TJ-PB, ap\u00f3s an\u00e1lise das contrapropostas que ser\u00e3o apresentadas pelas categorias at\u00e9 a segunda-feira (2).<\/p>\n\n\n\n<p>Conforme decis\u00e3o liminar do magistrado, proferida no \u00faltimo dia 19, qualquer movimento de greve ou de paralisa\u00e7\u00e3o de policias na Para\u00edba \u00e9 considerado ilegal.<\/p>\n\n\n\n<p>Desembargador otimista<br>O desembargador Leandro dos Santos acredita que a negocia\u00e7\u00e3o ser\u00e1 realizada com \u00eaxito e afirmou que os resultados da audi\u00eancia foram importantes. \u201cCada um pode se manifestar a favor ou contrariamente e, com a an\u00e1lise da proposta e contrapropostas, a gente espera chegar, na pr\u00f3xima sexta-feira (6), ao fim desejado por todos e, principalmente, pela sociedade. N\u00e3o queremos exemplos negativos, como temos visto em outros Estados\u201d, enfatizou.<\/p>\n\n\n\n<p>Proposta do Governo<br>O secret\u00e1rio de Estado da Seguran\u00e7a e da Defesa Social, Jean Nunes, explicou que, neste momento, o Governo ofereceu a incorpora\u00e7\u00e3o de 30% da Bolsa Desempenho, em 36 parcelas, e mais 5% na Bolsa dos policiais ativos para julho. Houve contesta\u00e7\u00e3o por parte das entidades.<\/p>\n\n\n\n<p>O secret\u00e1rio afirmou que a tentativa de concilia\u00e7\u00e3o \u00e9 algo extraordin\u00e1rio, por trazer luz aos problemas colocados em mesa. \u201cAs partes apresentaram suas contrapropostas, e, para isso, foi designado mais um tempo, para que, at\u00e9 a pr\u00f3xima sexta-feira, possamos efetuar alguns estudos. A expectativa \u00e9 que consigamos avan\u00e7ar no di\u00e1logo\u201d, disse.<\/p>\n\n\n\n<p>Categoria contestou<br>J\u00e1 o delegado Sterferson Gomes Nogueira Vieira, da Associa\u00e7\u00e3o de Defesa das Prerrogativas dos Delegados de Pol\u00edcia Civil da Para\u00edba (ADEPDEL), exp\u00f4s que foi delineado, em m\u00e9dia, pelo Estado, uma repercuss\u00e3o financeira em torno de R$ 454 milh\u00f5es, e que a categoria trabalhar\u00e1 para apresentar uma proposta em torno do valor, em busca de um entendimento.<\/p>\n\n\n\n<p>\u201cFoi apresentada, hoje, uma repeti\u00e7\u00e3o do que ocorreu na \u00faltima sexta-feira, com alguns acr\u00e9scimos em torno dos penduricalhos. Nossa preocupa\u00e7\u00e3o \u00e9 com o sal\u00e1rio do policial que sai \u00e0s ruas todos os dias, arriscando sua vida, podendo ser alvejado e vir a perder 50% de sua remunera\u00e7\u00e3o. A quest\u00e3o \u00e9 salarial. A iniciativa do Judici\u00e1rio est\u00e1 propiciando que as coisas sejam postas de forma mais clara. Pudemos explicar as diverg\u00eancias ocorridas e alguns caminhos\u201d, declarou.<\/p>\n","protected":false},"excerpt":{"rendered":"<p>O desembargador Leandro dos Santos acredita que a negocia\u00e7\u00e3o ser\u00e1 realizada com \u00eaxito e afirmou que os resultados da audi\u00eancia foram importantes Foi realizada na&hellip; <\/p>\n","protected":false},"author":2,"featured_media":94159,"comment_status":"closed","ping_status":"closed","sticky":false,"template":"","format":"standard","meta":{"sfsi_plus_gutenberg_text_before_share":"","sfsi_plus_gutenberg_show_text_before_share":"","sfsi_plus_gutenberg_icon_type":"","sfsi_plus_gutenberg_icon_alignemt":"","sfsi_plus_gutenburg_max_per_row":"","footnotes":""},"categories":[11],"tags":[],"class_list":["post-155784","post","type-post","status-publish","format-standard","has-post-thumbnail","hentry","category-politica"],"_links":{"self":[{"href":"https:\/\/www.caririemacao.com\/1\/wp-json\/wp\/v2\/posts\/155784","targetHints":{"allow":["GET"]}}],"collection":[{"href":"https:\/\/www.caririemacao.com\/1\/wp-json\/wp\/v2\/posts"}],"about":[{"href":"https:\/\/www.caririemacao.com\/1\/wp-json\/wp\/v2\/types\/post"}],"author":[{"embeddable":true,"href":"https:\/\/www.caririemacao.com\/1\/wp-json\/wp\/v2\/users\/2"}],"replies":[{"embeddable":true,"href":"https:\/\/www.caririemacao.com\/1\/wp-json\/wp\/v2\/comments?post=155784"}],"version-history":[{"count":1,"href":"https:\/\/www.caririemacao.com\/1\/wp-json\/wp\/v2\/posts\/155784\/revisions"}],"predecessor-version":[{"id":155785,"href":"https:\/\/www.caririemacao.com\/1\/wp-json\/wp\/v2\/posts\/155784\/revisions\/155785"}],"wp:featuredmedia":[{"embeddable":true,"href":"https:\/\/www.caririemacao.com\/1\/wp-json\/wp\/v2\/media\/94159"}],"wp:attachment":[{"href":"https:\/\/www.caririemacao.com\/1\/wp-json\/wp\/v2\/media?parent=155784"}],"wp:term":[{"taxonomy":"category","embeddable":true,"href":"https:\/\/www.caririemacao.com\/1\/wp-json\/wp\/v2\/categories?post=155784"},{"taxonomy":"post_tag","embeddable":true,"href":"https:\/\/www.caririemacao.com\/1\/wp-json\/wp\/v2\/tags?post=155784"}],"curies":[{"name":"wp","href":"https:\/\/api.w.org\/{rel}","templated":true}]}}