{"id":155806,"date":"2020-02-29T08:25:27","date_gmt":"2020-02-29T11:25:27","guid":{"rendered":"http:\/\/www.caririemacao.com\/1\/?p=155806"},"modified":"2020-02-29T08:25:29","modified_gmt":"2020-02-29T11:25:29","slug":"prefeitura-de-amparo-realiza-pagamento-da-folha-de-servidores-do-mes-de-fevereiro","status":"publish","type":"post","link":"https:\/\/www.caririemacao.com\/1\/2020\/02\/29\/prefeitura-de-amparo-realiza-pagamento-da-folha-de-servidores-do-mes-de-fevereiro\/","title":{"rendered":"Prefeitura de Amparo realiza pagamento da folha de servidores do m\u00eas de Fevereiro"},"content":{"rendered":"\n<figure class=\"wp-block-image\"><img decoding=\"async\" data-src=\"https:\/\/1.bp.blogspot.com\/-wrCAeAmOAeY\/XlkqTYXT65I\/AAAAAAABKJs\/fmhCFlPLGbIgmtWkxWsROAMVPmfODhupgCLcBGAsYHQ\/s640\/2018-pagamento1.jpg\" alt=\"\" src=\"data:image\/svg+xml;base64,PHN2ZyB3aWR0aD0iMSIgaGVpZ2h0PSIxIiB4bWxucz0iaHR0cDovL3d3dy53My5vcmcvMjAwMC9zdmciPjwvc3ZnPg==\" class=\"lazyload\" \/><\/figure>\n\n\n\n<p>A Prefeitura de Amparo, atrav\u00e9s da Secretaria de Finan\u00e7as, informa que o pagamento dos funcion\u00e1rios p\u00fablicos municipais, referente ao m\u00eas de Fevereiro foi pago nesta sexta-feira (28), e estar\u00e1 dispon\u00edvel para saque no per\u00edodo da tarde.<br><\/p>\n\n\n\n<p>O pagamento em dia \u00e9 um sinal de respeito e compromisso com o trabalhador municipal que precisa organizar o or\u00e7amento familiar com base nos seus vencimentos. <\/p>\n\n\n\n<p>\u00c9 preciso destacar o valoroso esfor\u00e7o e compromisso do Prefeito In\u00e1cio N\u00f3brega de sanear as contas p\u00fablicas e honrar com os pagamentos do servidor em dia.<br><\/p>\n\n\n\n<p><strong>Amparo Ligado<\/strong><\/p>\n","protected":false},"excerpt":{"rendered":"<p>A Prefeitura de Amparo, atrav\u00e9s da Secretaria de Finan\u00e7as, informa que o pagamento dos funcion\u00e1rios p\u00fablicos municipais, referente ao m\u00eas de Fevereiro foi pago nesta&hellip; <\/p>\n","protected":false},"author":2,"featured_media":143719,"comment_status":"closed","ping_status":"closed","sticky":false,"template":"","format":"standard","meta":{"sfsi_plus_gutenberg_text_before_share":"","sfsi_plus_gutenberg_show_text_before_share":"","sfsi_plus_gutenberg_icon_type":"","sfsi_plus_gutenberg_icon_alignemt":"","sfsi_plus_gutenburg_max_per_row":"","footnotes":""},"categories":[6],"tags":[],"class_list":["post-155806","post","type-post","status-publish","format-standard","has-post-thumbnail","hentry","category-cidades"],"_links":{"self":[{"href":"https:\/\/www.caririemacao.com\/1\/wp-json\/wp\/v2\/posts\/155806","targetHints":{"allow":["GET"]}}],"collection":[{"href":"https:\/\/www.caririemacao.com\/1\/wp-json\/wp\/v2\/posts"}],"about":[{"href":"https:\/\/www.caririemacao.com\/1\/wp-json\/wp\/v2\/types\/post"}],"author":[{"embeddable":true,"href":"https:\/\/www.caririemacao.com\/1\/wp-json\/wp\/v2\/users\/2"}],"replies":[{"embeddable":true,"href":"https:\/\/www.caririemacao.com\/1\/wp-json\/wp\/v2\/comments?post=155806"}],"version-history":[{"count":1,"href":"https:\/\/www.caririemacao.com\/1\/wp-json\/wp\/v2\/posts\/155806\/revisions"}],"predecessor-version":[{"id":155807,"href":"https:\/\/www.caririemacao.com\/1\/wp-json\/wp\/v2\/posts\/155806\/revisions\/155807"}],"wp:featuredmedia":[{"embeddable":true,"href":"https:\/\/www.caririemacao.com\/1\/wp-json\/wp\/v2\/media\/143719"}],"wp:attachment":[{"href":"https:\/\/www.caririemacao.com\/1\/wp-json\/wp\/v2\/media?parent=155806"}],"wp:term":[{"taxonomy":"category","embeddable":true,"href":"https:\/\/www.caririemacao.com\/1\/wp-json\/wp\/v2\/categories?post=155806"},{"taxonomy":"post_tag","embeddable":true,"href":"https:\/\/www.caririemacao.com\/1\/wp-json\/wp\/v2\/tags?post=155806"}],"curies":[{"name":"wp","href":"https:\/\/api.w.org\/{rel}","templated":true}]}}