{"id":155819,"date":"2020-02-29T11:03:06","date_gmt":"2020-02-29T14:03:06","guid":{"rendered":"http:\/\/www.caririemacao.com\/1\/?p=155819"},"modified":"2020-02-29T11:03:08","modified_gmt":"2020-02-29T14:03:08","slug":"simorion-mattos-e-homenageado-com-nome-no-ponto-turistico-no-encontro-das-aguas","status":"publish","type":"post","link":"https:\/\/www.caririemacao.com\/1\/2020\/02\/29\/simorion-mattos-e-homenageado-com-nome-no-ponto-turistico-no-encontro-das-aguas\/","title":{"rendered":"Simorion Mattos \u00e9 homenageado com nome no Ponto Tur\u00edstico no encontro das \u00e1guas"},"content":{"rendered":"\n<p>Foi aprovado na Sess\u00e3o ordin\u00e1ria da C\u00e2mara Municipal de Monteiro desta quinta feira, 27, um Projeto de Lei de autoria do vereador Caj\u00f3 Menezes, Presidente da Casa, que presta uma homenagem mais do que merecida, ao jornalista, ex-vereador, e ativista cultural e esportivo Simorion Mattos.<\/p>\n\n\n\n<p>O Projeto do vereador Caj\u00f3 d\u00e1 o nome de Simorion, ao Ponto Tur\u00edstico que est\u00e1 sendo constru\u00eddo no local onde as \u00e1guas do Rio S\u00e3o Francisco se encontram com o Rio Para\u00edba, na entrada da cidade de Monteiro pr\u00f3ximo \u00e0 ponte que fica na BR 412, na sa\u00edda para Sum\u00e9.<\/p>\n\n\n\n<p>De acordo com Caj\u00f3, Simorion sempre foi um defensor e militante de diversas \u00e1reas de import\u00e2ncia para o munic\u00edpio de Monteiro, entre elas, o esporte, o teatro, a poesia, a comunica\u00e7\u00e3o e a pol\u00edtica.<\/p>\n\n\n\n<p>\u201cSimorion sempre fez tudo que fazia com grande compet\u00eancia e de forma relevante para a cidade de Monteiro. Fica at\u00e9 dif\u00edcil encontrar uma obra que estivesse \u00e0 altura do legado do seu nome\u201d, disse Caj\u00f3.<\/p>\n\n\n\n<div class=\"wp-block-image\"><figure class=\"alignleft\"><img decoding=\"async\" data-src=\"https:\/\/i2.wp.com\/www.vitrinedocariri.com.br\/wp-content\/uploads\/2019\/02\/WhatsApp-Image-2019-02-08-at-11.27.09.jpeg?resize=300%2C200&amp;ssl=1\" alt=\"\" class=\"wp-image-35104 lazyload\" src=\"data:image\/svg+xml;base64,PHN2ZyB3aWR0aD0iMSIgaGVpZ2h0PSIxIiB4bWxucz0iaHR0cDovL3d3dy53My5vcmcvMjAwMC9zdmciPjwvc3ZnPg==\" \/><\/figure><\/div>\n\n\n\n<p>\u201cEnt\u00e3o nada mais justo do que, o ponto tur\u00edstico que ser\u00e1 o grande cart\u00e3o postal de Monteiro, no encontro das t\u00e3o sonhadas \u00e1guas do Rio S\u00e3o Francisco com as \u00e1guas do nosso Rio Para\u00edba, levar o seu nome\u201d, completou.<\/p>\n\n\n\n<p>O Projeto de Lei do vereador Caj\u00f3 Menezes, \u00e9 mais um de sua gest\u00e3o que \u00e9 aprovado por unanimidade, subscrito por todos os demais vereadores, e que com certeza ser\u00e1 sancionado pela gest\u00e3o municipal.<br><\/p>\n","protected":false},"excerpt":{"rendered":"<p>Foi aprovado na Sess\u00e3o ordin\u00e1ria da C\u00e2mara Municipal de Monteiro desta quinta feira, 27, um Projeto de Lei de autoria do vereador Caj\u00f3 Menezes, Presidente&hellip; <\/p>\n","protected":false},"author":2,"featured_media":100536,"comment_status":"closed","ping_status":"closed","sticky":false,"template":"","format":"standard","meta":{"sfsi_plus_gutenberg_text_before_share":"","sfsi_plus_gutenberg_show_text_before_share":"","sfsi_plus_gutenberg_icon_type":"","sfsi_plus_gutenberg_icon_alignemt":"","sfsi_plus_gutenburg_max_per_row":"","footnotes":""},"categories":[6],"tags":[],"class_list":["post-155819","post","type-post","status-publish","format-standard","has-post-thumbnail","hentry","category-cidades"],"_links":{"self":[{"href":"https:\/\/www.caririemacao.com\/1\/wp-json\/wp\/v2\/posts\/155819","targetHints":{"allow":["GET"]}}],"collection":[{"href":"https:\/\/www.caririemacao.com\/1\/wp-json\/wp\/v2\/posts"}],"about":[{"href":"https:\/\/www.caririemacao.com\/1\/wp-json\/wp\/v2\/types\/post"}],"author":[{"embeddable":true,"href":"https:\/\/www.caririemacao.com\/1\/wp-json\/wp\/v2\/users\/2"}],"replies":[{"embeddable":true,"href":"https:\/\/www.caririemacao.com\/1\/wp-json\/wp\/v2\/comments?post=155819"}],"version-history":[{"count":1,"href":"https:\/\/www.caririemacao.com\/1\/wp-json\/wp\/v2\/posts\/155819\/revisions"}],"predecessor-version":[{"id":155820,"href":"https:\/\/www.caririemacao.com\/1\/wp-json\/wp\/v2\/posts\/155819\/revisions\/155820"}],"wp:featuredmedia":[{"embeddable":true,"href":"https:\/\/www.caririemacao.com\/1\/wp-json\/wp\/v2\/media\/100536"}],"wp:attachment":[{"href":"https:\/\/www.caririemacao.com\/1\/wp-json\/wp\/v2\/media?parent=155819"}],"wp:term":[{"taxonomy":"category","embeddable":true,"href":"https:\/\/www.caririemacao.com\/1\/wp-json\/wp\/v2\/categories?post=155819"},{"taxonomy":"post_tag","embeddable":true,"href":"https:\/\/www.caririemacao.com\/1\/wp-json\/wp\/v2\/tags?post=155819"}],"curies":[{"name":"wp","href":"https:\/\/api.w.org\/{rel}","templated":true}]}}