{"id":155822,"date":"2020-02-29T11:04:59","date_gmt":"2020-02-29T14:04:59","guid":{"rendered":"http:\/\/www.caririemacao.com\/1\/?p=155822"},"modified":"2020-02-29T11:05:02","modified_gmt":"2020-02-29T14:05:02","slug":"confira-a-previsao-do-tempo-para-este-sabado-em-toda-paraiba-20","status":"publish","type":"post","link":"https:\/\/www.caririemacao.com\/1\/2020\/02\/29\/confira-a-previsao-do-tempo-para-este-sabado-em-toda-paraiba-20\/","title":{"rendered":"Confira a previs\u00e3o do tempo para este s\u00e1bado em toda Para\u00edba"},"content":{"rendered":"\n<p>O tempo dever\u00e1 permanecer com nebulosidade vari\u00e1vel e favorecer a ocorr\u00eancia de pancadas de chuva em pontos isolados dos setores central e oeste do Estado. Na faixa leste poder\u00e3o ocorrer chuvas passageiras.<\/p>\n\n\n\n<figure class=\"wp-block-image\"><img decoding=\"async\" data-src=\"https:\/\/paraibaonline.com.br\/wp-content\/uploads\/2020\/02\/tempo2902-567x335.jpg\" alt=\"Para\u00edba Online \u2022 Confira a previs\u00e3o do tempo para este s\u00e1bado em toda Para\u00edba\" class=\"wp-image-840254 lazyload\" src=\"data:image\/svg+xml;base64,PHN2ZyB3aWR0aD0iMSIgaGVpZ2h0PSIxIiB4bWxucz0iaHR0cDovL3d3dy53My5vcmcvMjAwMC9zdmciPjwvc3ZnPg==\" style=\"--smush-placeholder-width: 567px; --smush-placeholder-aspect-ratio: 567\/335;\" \/><\/figure>\n\n\n\n<p>* Fonte: Aesa<\/p>\n","protected":false},"excerpt":{"rendered":"<p>O tempo dever\u00e1 permanecer com nebulosidade vari\u00e1vel e favorecer a ocorr\u00eancia de pancadas de chuva em pontos isolados dos setores central e oeste do Estado.&hellip; <\/p>\n","protected":false},"author":2,"featured_media":155823,"comment_status":"closed","ping_status":"closed","sticky":false,"template":"","format":"standard","meta":{"sfsi_plus_gutenberg_text_before_share":"","sfsi_plus_gutenberg_show_text_before_share":"","sfsi_plus_gutenberg_icon_type":"","sfsi_plus_gutenberg_icon_alignemt":"","sfsi_plus_gutenburg_max_per_row":"","footnotes":""},"categories":[6],"tags":[],"class_list":["post-155822","post","type-post","status-publish","format-standard","has-post-thumbnail","hentry","category-cidades"],"_links":{"self":[{"href":"https:\/\/www.caririemacao.com\/1\/wp-json\/wp\/v2\/posts\/155822","targetHints":{"allow":["GET"]}}],"collection":[{"href":"https:\/\/www.caririemacao.com\/1\/wp-json\/wp\/v2\/posts"}],"about":[{"href":"https:\/\/www.caririemacao.com\/1\/wp-json\/wp\/v2\/types\/post"}],"author":[{"embeddable":true,"href":"https:\/\/www.caririemacao.com\/1\/wp-json\/wp\/v2\/users\/2"}],"replies":[{"embeddable":true,"href":"https:\/\/www.caririemacao.com\/1\/wp-json\/wp\/v2\/comments?post=155822"}],"version-history":[{"count":1,"href":"https:\/\/www.caririemacao.com\/1\/wp-json\/wp\/v2\/posts\/155822\/revisions"}],"predecessor-version":[{"id":155824,"href":"https:\/\/www.caririemacao.com\/1\/wp-json\/wp\/v2\/posts\/155822\/revisions\/155824"}],"wp:featuredmedia":[{"embeddable":true,"href":"https:\/\/www.caririemacao.com\/1\/wp-json\/wp\/v2\/media\/155823"}],"wp:attachment":[{"href":"https:\/\/www.caririemacao.com\/1\/wp-json\/wp\/v2\/media?parent=155822"}],"wp:term":[{"taxonomy":"category","embeddable":true,"href":"https:\/\/www.caririemacao.com\/1\/wp-json\/wp\/v2\/categories?post=155822"},{"taxonomy":"post_tag","embeddable":true,"href":"https:\/\/www.caririemacao.com\/1\/wp-json\/wp\/v2\/tags?post=155822"}],"curies":[{"name":"wp","href":"https:\/\/api.w.org\/{rel}","templated":true}]}}