{"id":155827,"date":"2020-02-29T11:06:46","date_gmt":"2020-02-29T14:06:46","guid":{"rendered":"http:\/\/www.caririemacao.com\/1\/?p=155827"},"modified":"2020-02-29T11:10:11","modified_gmt":"2020-02-29T14:10:11","slug":"brasileirao-2020-times-vetam-venda-de-mando-de-campo","status":"publish","type":"post","link":"https:\/\/www.caririemacao.com\/1\/2020\/02\/29\/brasileirao-2020-times-vetam-venda-de-mando-de-campo\/","title":{"rendered":"Brasileir\u00e3o 2020: times vetam venda de mando de campo"},"content":{"rendered":"\n<p>Representantes dos 20 clubes que v\u00e3o disputar a S\u00e9rie A do Brasileiro neste ano se reuniram nesta quinta&nbsp;(27) na sede da CBF e definiram em conjunto com a entidade a tabela b\u00e1sica da competi\u00e7\u00e3o, al\u00e9m das mudan\u00e7as que ser\u00e3o implementadas no regulamento, entre elas, o veto \u00e0&nbsp;venda de mando de campo.<\/p>\n\n\n\n<p>Desta forma, as equipes est\u00e3o proibidas de transferir seus jogos para fora de seu estado de origem, exceto em casos excepcionais, a serem analisados pela CBF.<\/p>\n\n\n\n<p>A regra foi aprovada pela maioria dos times. O Flamengo, atual campe\u00e3o, foi um dos que se posicionaram contra o veto. O presidente do clube carioca, Rodolfo Landim, criticou a decis\u00e3o. \u201cSou a favor de que os clubes tenham livre arb\u00edtrio e fa\u00e7am o que quiserem com o mando de campo deles\u201d, argumentou.<\/p>\n\n\n\n<p>Houve, tamb\u00e9m, uma redu\u00e7\u00e3o no limite de jogadores que podem ser inscritos na competi\u00e7\u00e3o. Cada clube, agora, poder\u00e1 inscrever at\u00e9 40 atletas, 5 a menos do que na temporada passada. Em contrapartida, o n\u00famero de substitui\u00e7\u00f5es no elenco aumentou de 5 para 8&nbsp;-as inscri\u00e7\u00f5es v\u00e3o at\u00e9 14 de agosto e o per\u00edodo de trocas termina no dia 11 de setembro.<\/p>\n\n\n\n<p>Durante o conselho t\u00e9cnico, a CBF colocou em pauta a discuss\u00e3o sobre estabelecer um limite para troca de t\u00e9cnicos ao longo da competi\u00e7\u00e3o. N\u00e3o houve maioria para a aprova\u00e7\u00e3o deste item.<\/p>\n\n\n\n<p>Com apenas dois meses da atual temporada, cinco times da S\u00e9rie A j\u00e1 demitiram treinadores:&nbsp;Crist\u00f3v\u00e3o Borges (Atl\u00e9tico-GO), Rafael Dudamel&nbsp;(Atl\u00e9tico-MG),&nbsp;Argel Fucks (Cear\u00e1), Alberto Valentim (Botafogo)&nbsp;e Guto Ferreira (Sport).<\/p>\n\n\n\n<p>A primeira rodada da competi\u00e7\u00e3o deve ocorrer entre os dias 2, 3 e 4 de maio. Datas e locais exatos ainda ser\u00e3o definidos pela CBF.<\/p>\n\n\n\n<p>Elenco do Flamengo comemora a conquista do Campeonato Brasileiro 2019 Sergio Moraes \u2013 27.nov.19\/Reuters Elenco do Flamengo comemora a conquista do Campeonato Brasileiro 2019<\/p>\n\n\n\n<p><strong>Veja os jogos da primeira rodada<\/strong><br>Flamengo x Atl\u00e9tico-MG<br>Botafogo x Bahia<br>Palmeiras x Vasco da Gama<br>Santos x Red Bull Bragantino<br>Corinthians x Atl\u00e9tico-GO<br>Gr\u00eamio x Fluminense<br>Sport x Cear\u00e1<br>Coritiba x Internacional<br>Fortaleza x Athletico<br>Goi\u00e1s x S\u00e3o Paulo<\/p>\n","protected":false},"excerpt":{"rendered":"<p>Representantes dos 20 clubes que v\u00e3o disputar a S\u00e9rie A do Brasileiro neste ano se reuniram nesta quinta&nbsp;(27) na sede da CBF e definiram em&hellip; <\/p>\n","protected":false},"author":2,"featured_media":20685,"comment_status":"closed","ping_status":"closed","sticky":false,"template":"","format":"standard","meta":{"sfsi_plus_gutenberg_text_before_share":"","sfsi_plus_gutenberg_show_text_before_share":"","sfsi_plus_gutenberg_icon_type":"","sfsi_plus_gutenberg_icon_alignemt":"","sfsi_plus_gutenburg_max_per_row":"","footnotes":""},"categories":[13],"tags":[],"class_list":["post-155827","post","type-post","status-publish","format-standard","has-post-thumbnail","hentry","category-esportes"],"_links":{"self":[{"href":"https:\/\/www.caririemacao.com\/1\/wp-json\/wp\/v2\/posts\/155827","targetHints":{"allow":["GET"]}}],"collection":[{"href":"https:\/\/www.caririemacao.com\/1\/wp-json\/wp\/v2\/posts"}],"about":[{"href":"https:\/\/www.caririemacao.com\/1\/wp-json\/wp\/v2\/types\/post"}],"author":[{"embeddable":true,"href":"https:\/\/www.caririemacao.com\/1\/wp-json\/wp\/v2\/users\/2"}],"replies":[{"embeddable":true,"href":"https:\/\/www.caririemacao.com\/1\/wp-json\/wp\/v2\/comments?post=155827"}],"version-history":[{"count":1,"href":"https:\/\/www.caririemacao.com\/1\/wp-json\/wp\/v2\/posts\/155827\/revisions"}],"predecessor-version":[{"id":155829,"href":"https:\/\/www.caririemacao.com\/1\/wp-json\/wp\/v2\/posts\/155827\/revisions\/155829"}],"wp:featuredmedia":[{"embeddable":true,"href":"https:\/\/www.caririemacao.com\/1\/wp-json\/wp\/v2\/media\/20685"}],"wp:attachment":[{"href":"https:\/\/www.caririemacao.com\/1\/wp-json\/wp\/v2\/media?parent=155827"}],"wp:term":[{"taxonomy":"category","embeddable":true,"href":"https:\/\/www.caririemacao.com\/1\/wp-json\/wp\/v2\/categories?post=155827"},{"taxonomy":"post_tag","embeddable":true,"href":"https:\/\/www.caririemacao.com\/1\/wp-json\/wp\/v2\/tags?post=155827"}],"curies":[{"name":"wp","href":"https:\/\/api.w.org\/{rel}","templated":true}]}}