{"id":155837,"date":"2020-02-29T11:14:22","date_gmt":"2020-02-29T14:14:22","guid":{"rendered":"http:\/\/www.caririemacao.com\/1\/?p=155837"},"modified":"2020-02-29T11:14:24","modified_gmt":"2020-02-29T14:14:24","slug":"famup-parabeniza-os-34-municipios-selecionados-no-selo-social-prefeitura-parceira-da-mulher","status":"publish","type":"post","link":"https:\/\/www.caririemacao.com\/1\/2020\/02\/29\/famup-parabeniza-os-34-municipios-selecionados-no-selo-social-prefeitura-parceira-da-mulher\/","title":{"rendered":"Famup parabeniza os 34 munic\u00edpios selecionados no Selo Social \u2018Prefeitura Parceira da Mulher\u2019"},"content":{"rendered":"\n<p>A Federa\u00e7\u00e3o das Associa\u00e7\u00f5es de Munic\u00edpios da Para\u00edba (Famup) destacou e parabenizou, nesta sexta-feira (28), os 34 munic\u00edpios habilitados a receberem o Selo Social \u2018Prefeitura Parceira da Mulher\u2019, revelados por meio de publica\u00e7\u00e3o no Di\u00e1rio Oficial do Estado (DOE). A comenda ser\u00e1 concedida por interm\u00e9dio da Secretaria de Estado da Mulher e da Diversidade Humana (Semdh), da Secretaria de Estado do Desenvolvimento e Articula\u00e7\u00e3o Municipal (Sedam) e tamb\u00e9m da Famup.<\/p>\n\n\n\n<p>George Coelho, presidente da Famup, explicou que o Selo Social \u2018Prefeitura Parceira da Mulher\u2019 \u00e9 voltado \u00e0s pr\u00e1ticas desenvolvidas pelas Prefeituras dos munic\u00edpios paraibanos na promo\u00e7\u00e3o de equidade e igualdade dos direitos das mulheres, considerando as especificidades e as potencialidades de cada munic\u00edpio. \u201cO selo prop\u00f5e estimular as gest\u00f5es a cumprirem seu dever na realiza\u00e7\u00e3o de a\u00e7\u00f5es, projetos e programas que tratem de pol\u00edticas p\u00fablicas para mulheres\u201d, explicou.<\/p>\n\n\n\n<p>De acordo com George Coelho, a Famup disponibilizou equipe t\u00e9cnica para aux\u00edlio na elabora\u00e7\u00e3o das propostas e\/ou projetos, que foram inscritos pelos munic\u00edpios. A sele\u00e7\u00e3o dos munic\u00edpios foi feita por uma comiss\u00e3o julgadora, formada por representantes da Semdh, da Sedam e da pr\u00f3pria Famup. As propostas de programas, projetos e a\u00e7\u00f5es inscritas pelos munic\u00edpios, ter\u00e3o at\u00e9 o m\u00eas de dezembro do ano de inscri\u00e7\u00e3o para serem realizadas.<\/p>\n\n\n\n<p>O Selo Social \u2018Prefeitura Parceira da Mulher\u2019 tem como objetivos garantir pr\u00e1ticas inovadoras e comprometidas com as mulheres em toda sua diversidade, de forma a estimular o empreendedorismo, a autonomia econ\u00f4mica e o desenvolvimento sustent\u00e1vel com igualdade social; projetos que busquem o enfrentamento \u00e0 viol\u00eancia contra as mulheres nas suas diferentes manifesta\u00e7\u00f5es; e programas de efetiva\u00e7\u00e3o da sa\u00fade integral das mulheres, considerando as especificidades e as potencialidades de cada munic\u00edpio.<\/p>\n\n\n\n<p>Tamb\u00e9m contam como objetivos as pol\u00edticas p\u00fablicas que promovam e ap\u00f3iem a arte e cultura produzida e desenvolvida pelas mulheres; implanta\u00e7\u00e3o de \u00f3rg\u00e3os espec\u00edficos na gest\u00e3o municipal para implementar pol\u00edticas p\u00fablicas para mulheres atrav\u00e9s de a\u00e7\u00f5es, projetos e programas; pr\u00e1ticas de fortalecimento da participa\u00e7\u00e3o das mulheres nos espa\u00e7os de poder e decis\u00e3o. O Selo Social \u2018Prefeitura Parceira das Mulher\u2019 que teve 50 prefeituras inscritas nessa sua primeira edi\u00e7\u00e3o ter\u00e1 sua entrega da premia\u00e7\u00e3o no dia 12 de mar\u00e7o.<\/p>\n\n\n\n<p><strong>Munic\u00edpios e pontua\u00e7\u00f5es:<\/strong><\/p>\n\n\n\n<ol class=\"wp-block-list\"><li>Alagoinha \u2013 7.050<\/li><li>Bayeux \u2013 5.350<\/li><li>Bel\u00e9m \u2013 5.100<\/li><li>Boa vista \u2013 4.800<\/li><li>Boqueir\u00e3o \u2013 4.900<\/li><li>Borborema \u2013 4.250<\/li><li>Cabaceiras \u2013 5.100<\/li><li>Cabedelo \u2013 4.150<\/li><li>Cachoeira dos \u00cdndios \u2013 4.050<\/li><li>Cajazeiras \u2013 4.880<\/li><li>Catingueira \u2013 4.100<\/li><li>Conde \u2013 6.950<\/li><li>Cubati \u2013 3.050<\/li><li>Cuit\u00e9 \u2013 4.000<\/li><li>Cuitegi \u2013 4.000<\/li><li>Curral de Cima \u2013 3.000<\/li><li>Desterro \u2013 3.000<\/li><li>Duas Estradas \u2013 4.200<\/li><li>Gurinh\u00e9m \u2013 3.100<\/li><li>Gurj\u00e3o \u2013 4.600<\/li><li>Junco do Serid\u00f3 \u2013 4.450<\/li><li>Lucena \u2013 4.500<\/li><li>Mamanguape \u2013 4.950<\/li><li>Matinhas \u2013 3.000<\/li><li>Picu\u00ed \u2013 4.580<\/li><li>Pombal \u2013 6.150<\/li><li>S\u00e3o Bento \u2013 4.000<\/li><li>S\u00e3o Jos\u00e9 do Bomfim \u2013 3.150<\/li><li>S\u00e3o Jos\u00e9 dos Cordeiros \u2013 3.030<\/li><li>S\u00e3o Vicente do Serid\u00f3 \u2013 3.000<\/li><li>Serra da Raiz \u2013 3.000<\/li><li>Sobrado \u2013 3.350<\/li><li>Sum\u00e9 \u2013 5.900<\/li><li>Umbuzeiro \u2013 3.300<\/li><\/ol>\n","protected":false},"excerpt":{"rendered":"<p>A Federa\u00e7\u00e3o das Associa\u00e7\u00f5es de Munic\u00edpios da Para\u00edba (Famup) destacou e parabenizou, nesta sexta-feira (28), os 34 munic\u00edpios habilitados a receberem o Selo Social \u2018Prefeitura&hellip; <\/p>\n","protected":false},"author":2,"featured_media":155839,"comment_status":"closed","ping_status":"closed","sticky":false,"template":"","format":"standard","meta":{"sfsi_plus_gutenberg_text_before_share":"","sfsi_plus_gutenberg_show_text_before_share":"","sfsi_plus_gutenberg_icon_type":"","sfsi_plus_gutenberg_icon_alignemt":"","sfsi_plus_gutenburg_max_per_row":"","footnotes":""},"categories":[6],"tags":[],"class_list":["post-155837","post","type-post","status-publish","format-standard","has-post-thumbnail","hentry","category-cidades"],"_links":{"self":[{"href":"https:\/\/www.caririemacao.com\/1\/wp-json\/wp\/v2\/posts\/155837","targetHints":{"allow":["GET"]}}],"collection":[{"href":"https:\/\/www.caririemacao.com\/1\/wp-json\/wp\/v2\/posts"}],"about":[{"href":"https:\/\/www.caririemacao.com\/1\/wp-json\/wp\/v2\/types\/post"}],"author":[{"embeddable":true,"href":"https:\/\/www.caririemacao.com\/1\/wp-json\/wp\/v2\/users\/2"}],"replies":[{"embeddable":true,"href":"https:\/\/www.caririemacao.com\/1\/wp-json\/wp\/v2\/comments?post=155837"}],"version-history":[{"count":1,"href":"https:\/\/www.caririemacao.com\/1\/wp-json\/wp\/v2\/posts\/155837\/revisions"}],"predecessor-version":[{"id":155840,"href":"https:\/\/www.caririemacao.com\/1\/wp-json\/wp\/v2\/posts\/155837\/revisions\/155840"}],"wp:featuredmedia":[{"embeddable":true,"href":"https:\/\/www.caririemacao.com\/1\/wp-json\/wp\/v2\/media\/155839"}],"wp:attachment":[{"href":"https:\/\/www.caririemacao.com\/1\/wp-json\/wp\/v2\/media?parent=155837"}],"wp:term":[{"taxonomy":"category","embeddable":true,"href":"https:\/\/www.caririemacao.com\/1\/wp-json\/wp\/v2\/categories?post=155837"},{"taxonomy":"post_tag","embeddable":true,"href":"https:\/\/www.caririemacao.com\/1\/wp-json\/wp\/v2\/tags?post=155837"}],"curies":[{"name":"wp","href":"https:\/\/api.w.org\/{rel}","templated":true}]}}