{"id":155843,"date":"2020-02-29T11:15:27","date_gmt":"2020-02-29T14:15:27","guid":{"rendered":"http:\/\/www.caririemacao.com\/1\/?p=155843"},"modified":"2020-02-29T11:15:29","modified_gmt":"2020-02-29T14:15:29","slug":"sao-jose-dos-cordeiros-e-contemplada-com-selo-social-prefeitura-parceira-da-mulher","status":"publish","type":"post","link":"https:\/\/www.caririemacao.com\/1\/2020\/02\/29\/sao-jose-dos-cordeiros-e-contemplada-com-selo-social-prefeitura-parceira-da-mulher\/","title":{"rendered":"S\u00e3o Jos\u00e9 dos Cordeiros \u00e9 contemplada com Selo Social \u2018Prefeitura Parceira da Mulher\u2019"},"content":{"rendered":"\n<p>A Prefeitura de S\u00e3o Jos\u00e9 dos Cordeiros coleciona mais um reconhecimento ao seu trabalho, agora voltado para as mulheres do munic\u00edpio. A cidade foi uma das 34 na Para\u00edba contempladas com o selo social \u201cPrefeitura Parceira da Mulher\u201d, pelas a\u00e7\u00f5es e pol\u00edticas p\u00fablicas desenvolvidas em prol da promo\u00e7\u00e3o de equidade e igualdade dos direitos das mulheres.<\/p>\n\n\n\n<p>O munic\u00edpio recentemente conseguiu retirar do papel a cria\u00e7\u00e3o do Conselho Municipal dos Direitos da Mulher. Atrav\u00e9s da Secretaria de Sa\u00fade, a Prefeitura de S\u00e3o Jos\u00e9 dos Cordeiros investe permanentemente recursos na oferta de servi\u00e7os voltados ao p\u00fablico feminino. Na \u00e1rea administrativa, a cidade atingiu o percentual de 50% dos cargos de primeiro e segundo escal\u00e3o s\u00e3o ocupados por mulheres e ainda garantiu apoio \u00e0s benefici\u00e1rias do Bolsa Fam\u00edlia na produ\u00e7\u00e3o de vassouras a partir de garrafas pet, em uma iniciativa de gera\u00e7\u00e3o de emprego e renda.<\/p>\n\n\n\n<p>Para o prefeito Jefferson Roberto, a premia\u00e7\u00e3o a S\u00e3o Jos\u00e9 dos Cordeiros mostra o compromisso de toda a equipe de gest\u00e3o em incluir em seus servi\u00e7os uma aten\u00e7\u00e3o especial \u00e0s mulheres. \u201cSabemos que as mulheres s\u00e3o maioria em nosso munic\u00edpio e historicamente no Pa\u00eds h\u00e1 um d\u00e9ficit de aten\u00e7\u00e3o e assist\u00eancia a esse p\u00fablico. Determinei a inscri\u00e7\u00e3o do munic\u00edpio neste selo, para que a partir dele pud\u00e9ssemos ter um olhar especial para o p\u00fablico feminino e o resultado naturalmente agora chegou. Estou feliz por isso\u201d, pontuou.<\/p>\n\n\n\n<p>O secret\u00e1rio de assist\u00eancia social, S\u00e9rgio Sousa, ainda destacou que entre as a\u00e7\u00f5es desenvolvidas pelo munic\u00edpio dentro do selo est\u00e1 o enfrentamento \u00e0 viol\u00eancia contra a mulher, em v\u00e1rias atividades realizadas ao longo do ano.<\/p>\n","protected":false},"excerpt":{"rendered":"<p>A Prefeitura de S\u00e3o Jos\u00e9 dos Cordeiros coleciona mais um reconhecimento ao seu trabalho, agora voltado para as mulheres do munic\u00edpio. A cidade foi uma&hellip; <\/p>\n","protected":false},"author":2,"featured_media":155844,"comment_status":"closed","ping_status":"closed","sticky":false,"template":"","format":"standard","meta":{"sfsi_plus_gutenberg_text_before_share":"","sfsi_plus_gutenberg_show_text_before_share":"","sfsi_plus_gutenberg_icon_type":"","sfsi_plus_gutenberg_icon_alignemt":"","sfsi_plus_gutenburg_max_per_row":"","footnotes":""},"categories":[6],"tags":[],"class_list":["post-155843","post","type-post","status-publish","format-standard","has-post-thumbnail","hentry","category-cidades"],"_links":{"self":[{"href":"https:\/\/www.caririemacao.com\/1\/wp-json\/wp\/v2\/posts\/155843","targetHints":{"allow":["GET"]}}],"collection":[{"href":"https:\/\/www.caririemacao.com\/1\/wp-json\/wp\/v2\/posts"}],"about":[{"href":"https:\/\/www.caririemacao.com\/1\/wp-json\/wp\/v2\/types\/post"}],"author":[{"embeddable":true,"href":"https:\/\/www.caririemacao.com\/1\/wp-json\/wp\/v2\/users\/2"}],"replies":[{"embeddable":true,"href":"https:\/\/www.caririemacao.com\/1\/wp-json\/wp\/v2\/comments?post=155843"}],"version-history":[{"count":1,"href":"https:\/\/www.caririemacao.com\/1\/wp-json\/wp\/v2\/posts\/155843\/revisions"}],"predecessor-version":[{"id":155845,"href":"https:\/\/www.caririemacao.com\/1\/wp-json\/wp\/v2\/posts\/155843\/revisions\/155845"}],"wp:featuredmedia":[{"embeddable":true,"href":"https:\/\/www.caririemacao.com\/1\/wp-json\/wp\/v2\/media\/155844"}],"wp:attachment":[{"href":"https:\/\/www.caririemacao.com\/1\/wp-json\/wp\/v2\/media?parent=155843"}],"wp:term":[{"taxonomy":"category","embeddable":true,"href":"https:\/\/www.caririemacao.com\/1\/wp-json\/wp\/v2\/categories?post=155843"},{"taxonomy":"post_tag","embeddable":true,"href":"https:\/\/www.caririemacao.com\/1\/wp-json\/wp\/v2\/tags?post=155843"}],"curies":[{"name":"wp","href":"https:\/\/api.w.org\/{rel}","templated":true}]}}