{"id":155848,"date":"2020-02-29T11:16:47","date_gmt":"2020-02-29T14:16:47","guid":{"rendered":"http:\/\/www.caririemacao.com\/1\/?p=155848"},"modified":"2020-02-29T11:16:50","modified_gmt":"2020-02-29T14:16:50","slug":"evite-desinformacao-o-que-e-verdade-e-o-que-e-falso-sobre-o-coronavirus","status":"publish","type":"post","link":"https:\/\/www.caririemacao.com\/1\/2020\/02\/29\/evite-desinformacao-o-que-e-verdade-e-o-que-e-falso-sobre-o-coronavirus\/","title":{"rendered":"Evite desinforma\u00e7\u00e3o: o que \u00e9 verdade e o que \u00e9 falso sobre o coronav\u00edrus"},"content":{"rendered":"\n<p>Para combater as&nbsp;<em>fake news<\/em>&nbsp;(not\u00edcias falsas) sobre o coronav\u00edrus, o Minist\u00e9rio da Sa\u00fade listou uma rela\u00e7\u00e3o de not\u00edcias que foram compartilhadas nas redes sociais e explica quais delas s\u00e3o verdadeiras ou falsas. O objetivo \u00e9 combater a desinforma\u00e7\u00e3o e esclarecer a popula\u00e7\u00e3o sobre o que realmente interessa acerca do novo v\u00edrus.<\/p>\n\n\n\n<p>Dentre as not\u00edcias falsas, est\u00e3o as de poss\u00edveis medicamentos, \u00f3leos e vitaminas para a cura do coronav\u00edrus e as que falam sobre compra de produtos pela internet que s\u00e3o comercializados na China. Confira as informa\u00e7\u00f5es&nbsp;<strong><a href=\"https:\/\/www.saude.gov.br\/component\/tags\/tag\/novo-coronavirus-fake-news?start=20\" target=\"_blank\" rel=\"noreferrer noopener\">no site do Minist\u00e9rio da Sa\u00fade<\/a>&nbsp;<\/strong>e evite desinforma\u00e7\u00e3o.<\/p>\n\n\n\n<p>Al\u00e9m da rela\u00e7\u00e3o de not\u00edcias falsas e verdadeiras, o MS est\u00e1 disponibilizando um n\u00famero para aplicativo de mensagens (WhatsApp) para aux\u00edlio da popula\u00e7\u00e3o. O canal n\u00e3o ser\u00e1 um SAC ou tira d\u00favidas dos usu\u00e1rios, mas um espa\u00e7o exclusivo para receber informa\u00e7\u00f5es virais, que ser\u00e3o apuradas pelas \u00e1reas t\u00e9cnicas e respondidas oficialmente se s\u00e3o verdade ou mentira.<\/p>\n\n\n\n<p>Qualquer cidad\u00e3o pode enviar gratuitamente mensagens com imagens ou textos que tenha recebido nas redes sociais para confirmar se a informa\u00e7\u00e3o procede, antes de continuar compartilhando. O n\u00famero \u00e9&nbsp;<strong>(61) 99289-4640<\/strong>.<\/p>\n\n\n\n<h2 class=\"wp-block-heading\">Secretaria de Sa\u00fade orienta<\/h2>\n\n\n\n<p>O secret\u00e1rio de Sa\u00fade da Para\u00edba, Geraldo Medeiros, divulgou um v\u00eddeo no qual orienta a popula\u00e7\u00e3o sobre o novo v\u00edrus e esclarece d\u00favidas acerca do problema.&nbsp;<strong>Assista abaixo.<\/strong><\/p>\n\n\n\n<figure><iframe data-src=\"https:\/\/www.youtube.com\/embed\/WSIuq_6yhSc?feature=oembed\" width=\"100%\" height=\"522\" allowfullscreen=\"allowfullscreen\" src=\"data:image\/svg+xml;base64,PHN2ZyB3aWR0aD0iMSIgaGVpZ2h0PSIxIiB4bWxucz0iaHR0cDovL3d3dy53My5vcmcvMjAwMC9zdmciPjwvc3ZnPg==\" class=\"lazyload\" data-load-mode=\"1\"><\/iframe><\/figure>\n\n\n\n<p>A Secretaria de Sa\u00fade tamb\u00e9m divulgou artes com ilustra\u00e7\u00f5es did\u00e1ticas sobre o coronav\u00edrus. Veja abaixo as imagens (clique sobre a foto para ampliar).<\/p>\n\n\n\n<figure class=\"wp-block-image\"><a href=\"https:\/\/portalcorreio.com.br\/wp-content\/uploads\/2020\/02\/IMG-20200227-WA0017.jpg\"><img decoding=\"async\" data-src=\"https:\/\/portalcorreio.com.br\/wp-content\/uploads\/2020\/02\/IMG-20200227-WA0017-150x150.jpg\" alt=\"\" src=\"data:image\/svg+xml;base64,PHN2ZyB3aWR0aD0iMSIgaGVpZ2h0PSIxIiB4bWxucz0iaHR0cDovL3d3dy53My5vcmcvMjAwMC9zdmciPjwvc3ZnPg==\" class=\"lazyload\" style=\"--smush-placeholder-width: 150px; --smush-placeholder-aspect-ratio: 150\/150;\" \/><\/a><\/figure>\n\n\n\n<figure class=\"wp-block-image\"><a href=\"https:\/\/portalcorreio.com.br\/wp-content\/uploads\/2020\/02\/IMG-20200227-WA0015.jpg\"><img decoding=\"async\" data-src=\"https:\/\/portalcorreio.com.br\/wp-content\/uploads\/2020\/02\/IMG-20200227-WA0015-150x150.jpg\" alt=\"\" src=\"data:image\/svg+xml;base64,PHN2ZyB3aWR0aD0iMSIgaGVpZ2h0PSIxIiB4bWxucz0iaHR0cDovL3d3dy53My5vcmcvMjAwMC9zdmciPjwvc3ZnPg==\" class=\"lazyload\" style=\"--smush-placeholder-width: 150px; --smush-placeholder-aspect-ratio: 150\/150;\" \/><\/a><\/figure>\n\n\n\n<figure class=\"wp-block-image\"><a href=\"https:\/\/portalcorreio.com.br\/wp-content\/uploads\/2020\/02\/IMG-20200227-WA0016.jpg\"><img decoding=\"async\" data-src=\"https:\/\/portalcorreio.com.br\/wp-content\/uploads\/2020\/02\/IMG-20200227-WA0016-150x150.jpg\" alt=\"\" src=\"data:image\/svg+xml;base64,PHN2ZyB3aWR0aD0iMSIgaGVpZ2h0PSIxIiB4bWxucz0iaHR0cDovL3d3dy53My5vcmcvMjAwMC9zdmciPjwvc3ZnPg==\" class=\"lazyload\" style=\"--smush-placeholder-width: 150px; --smush-placeholder-aspect-ratio: 150\/150;\" \/><\/a><\/figure>\n\n\n\n<h2 class=\"wp-block-heading\">Caso confirmado de coronav\u00edrus no Brasil<\/h2>\n\n\n\n<p>O Minist\u00e9rio da Sa\u00fade confirmou, nessa quarta (26), o&nbsp;primeiro caso de um brasileiro infectado pelo novo coronav\u00edrus (Covid-19). Trata-se de um homem de 61 anos, morador da cidade de S\u00e3o Paulo, que esteve na regi\u00e3o da Lombardia, no norte da It\u00e1lia, entre os dias 9 e 21 de fevereiro. Ao retornar da viagem, na \u00faltima sexta-feira (21), o paciente apresentou os sinais e sintomas compat\u00edveis com a doen\u00e7a (febre, tosse seca, dor de garganta e coriza).<\/p>\n\n\n\n<p>Fonte: Portal Correio<\/p>\n","protected":false},"excerpt":{"rendered":"<p>Para combater as&nbsp;fake news&nbsp;(not\u00edcias falsas) sobre o coronav\u00edrus, o Minist\u00e9rio da Sa\u00fade listou uma rela\u00e7\u00e3o de not\u00edcias que foram compartilhadas nas redes sociais e explica&hellip; <\/p>\n","protected":false},"author":2,"featured_media":155849,"comment_status":"closed","ping_status":"closed","sticky":false,"template":"","format":"standard","meta":{"sfsi_plus_gutenberg_text_before_share":"","sfsi_plus_gutenberg_show_text_before_share":"","sfsi_plus_gutenberg_icon_type":"","sfsi_plus_gutenberg_icon_alignemt":"","sfsi_plus_gutenburg_max_per_row":"","footnotes":""},"categories":[16],"tags":[],"class_list":["post-155848","post","type-post","status-publish","format-standard","has-post-thumbnail","hentry","category-saude"],"_links":{"self":[{"href":"https:\/\/www.caririemacao.com\/1\/wp-json\/wp\/v2\/posts\/155848","targetHints":{"allow":["GET"]}}],"collection":[{"href":"https:\/\/www.caririemacao.com\/1\/wp-json\/wp\/v2\/posts"}],"about":[{"href":"https:\/\/www.caririemacao.com\/1\/wp-json\/wp\/v2\/types\/post"}],"author":[{"embeddable":true,"href":"https:\/\/www.caririemacao.com\/1\/wp-json\/wp\/v2\/users\/2"}],"replies":[{"embeddable":true,"href":"https:\/\/www.caririemacao.com\/1\/wp-json\/wp\/v2\/comments?post=155848"}],"version-history":[{"count":1,"href":"https:\/\/www.caririemacao.com\/1\/wp-json\/wp\/v2\/posts\/155848\/revisions"}],"predecessor-version":[{"id":155850,"href":"https:\/\/www.caririemacao.com\/1\/wp-json\/wp\/v2\/posts\/155848\/revisions\/155850"}],"wp:featuredmedia":[{"embeddable":true,"href":"https:\/\/www.caririemacao.com\/1\/wp-json\/wp\/v2\/media\/155849"}],"wp:attachment":[{"href":"https:\/\/www.caririemacao.com\/1\/wp-json\/wp\/v2\/media?parent=155848"}],"wp:term":[{"taxonomy":"category","embeddable":true,"href":"https:\/\/www.caririemacao.com\/1\/wp-json\/wp\/v2\/categories?post=155848"},{"taxonomy":"post_tag","embeddable":true,"href":"https:\/\/www.caririemacao.com\/1\/wp-json\/wp\/v2\/tags?post=155848"}],"curies":[{"name":"wp","href":"https:\/\/api.w.org\/{rel}","templated":true}]}}