{"id":155852,"date":"2020-02-29T11:21:20","date_gmt":"2020-02-29T14:21:20","guid":{"rendered":"http:\/\/www.caririemacao.com\/1\/?p=155852"},"modified":"2020-02-29T11:21:21","modified_gmt":"2020-02-29T14:21:21","slug":"joao-azevedo-sanciona-decreto-que-cria-a-fundacao-pb-saude-com-aporte-inicial-de-r-20-milhoes","status":"publish","type":"post","link":"https:\/\/www.caririemacao.com\/1\/2020\/02\/29\/joao-azevedo-sanciona-decreto-que-cria-a-fundacao-pb-saude-com-aporte-inicial-de-r-20-milhoes\/","title":{"rendered":"Jo\u00e3o Azev\u00eado sanciona decreto que cria a Funda\u00e7\u00e3o PB Sa\u00fade com aporte inicial de R$ 20 milh\u00f5es"},"content":{"rendered":"\n<p>O Di\u00e1rio Oficial do Estado (DOE) publicou neste s\u00e1bado o&nbsp;Decreto n\u00ba 40.096, de 28 de fevereiro de 2020, que cria a Funda\u00e7\u00e3o Paraibana de&nbsp;Gest\u00e3o em Sa\u00fade &#8211; PB Sa\u00fade, entidade que ficar\u00e1 respons\u00e1vel por fazer a gest\u00e3o dos hospitais do estado. A sede ficar\u00e1 no&nbsp;Instituto de Assist\u00eancia \u00e0 Sa\u00fade do Servidor (IASS) na&nbsp;Av. S\u00e3o Paulo, bairro dos Estados.<\/p>\n\n\n\n<p>Uma das primeiras unidades hospitalares&nbsp;que passar\u00e1 a funcionar em menos de dois meses e que&nbsp;ser\u00e1&nbsp;incorporado \u00e0 PB Sa\u00fade ser\u00e1 o Hospital de Mamanguape.<br><\/p>\n\n\n\n<p>O decreto publicado tamb\u00e9m espec\u00edfica o estatuto da Funda\u00e7\u00e3o e d\u00e1 outras provid\u00eancias.<\/p>\n\n\n\n<p>A PB Sa\u00fade substitui as Organiza\u00e7\u00f5es Sociais (OS\u2019s) que foram alvos de den\u00fancias na&nbsp;Opera\u00e7\u00e3o Calv\u00e1rio, que investiga desvios de R$ 134 milh\u00f5es em propinas e tem como alvos ex-secret\u00e1rios e at\u00e9 o ex-governador Ricardo Coutinho, al\u00e9m de outros investigados. Ap\u00f3s as constata\u00e7\u00f5es, o&nbsp;governador encerrou&nbsp;os contratos das OS\u2019s com o Governo do Estado.&nbsp;<\/p>\n\n\n\n<p>A Funda\u00e7\u00e3o ter\u00e1 aporte inicial de R$ 20 milh\u00f5es. Segundo o Art 1\u00ba, \u201cfica criada a Funda\u00e7\u00e3o Paraibana de Gest\u00e3o em Sa\u00fade \u2013 PB Sa\u00fade, funda\u00e7\u00e3o p\u00fablica com personalidade jur\u00eddica de direito privado, entidade n\u00e3o dependente, vinculada \u00e0 Secretaria de Estado da Sa\u00fade, na forma da Lei Complementar Estadual n\u00ba 157, de 17 de fevereiro de 2020.\u201d<br><\/p>\n\n\n\n<p>Ainda segundo o Decreto, \u201ca PB Sa\u00fade ser\u00e1 dotada de autonomia administrativa, financeira, patrimonial e gerencial, com quadro de pessoal pr\u00f3prio e estrutura organizacional nos termos de seu Estatuto aprovado no anexo \u00fanico. A Funda\u00e7\u00e3o ter\u00e1 sede e foro no munic\u00edpio de Jo\u00e3o Pessoa.\u201d<\/p>\n\n\n\n<figure class=\"wp-block-image\"><img decoding=\"async\" data-src=\"https:\/\/www.clickpb.com.br\/media\/filer_public\/82\/03\/82038d0a-bed5-40f8-a720-3cf756898436\/pb-saude-diario-oficial-paraiba-governador-decreta-29022020.jpg\" alt=\"\" src=\"data:image\/svg+xml;base64,PHN2ZyB3aWR0aD0iMSIgaGVpZ2h0PSIxIiB4bWxucz0iaHR0cDovL3d3dy53My5vcmcvMjAwMC9zdmciPjwvc3ZnPg==\" class=\"lazyload\" \/><\/figure>\n\n\n\n<figure class=\"wp-block-image\"><img decoding=\"async\" data-src=\"https:\/\/www.clickpb.com.br\/media\/filer_public\/c2\/d1\/c2d1da45-5a5f-4aec-9a75-0b653bd3cdc2\/pb-saude-diario-oficial-paraiba-governador-decreta-29022020-2.jpg\" alt=\"\" src=\"data:image\/svg+xml;base64,PHN2ZyB3aWR0aD0iMSIgaGVpZ2h0PSIxIiB4bWxucz0iaHR0cDovL3d3dy53My5vcmcvMjAwMC9zdmciPjwvc3ZnPg==\" class=\"lazyload\" \/><\/figure>\n","protected":false},"excerpt":{"rendered":"<p>O Di\u00e1rio Oficial do Estado (DOE) publicou neste s\u00e1bado o&nbsp;Decreto n\u00ba 40.096, de 28 de fevereiro de 2020, que cria a Funda\u00e7\u00e3o Paraibana de&nbsp;Gest\u00e3o em&hellip; <\/p>\n","protected":false},"author":2,"featured_media":152463,"comment_status":"closed","ping_status":"closed","sticky":false,"template":"","format":"standard","meta":{"sfsi_plus_gutenberg_text_before_share":"","sfsi_plus_gutenberg_show_text_before_share":"","sfsi_plus_gutenberg_icon_type":"","sfsi_plus_gutenberg_icon_alignemt":"","sfsi_plus_gutenburg_max_per_row":"","footnotes":""},"categories":[11],"tags":[],"class_list":["post-155852","post","type-post","status-publish","format-standard","has-post-thumbnail","hentry","category-politica"],"_links":{"self":[{"href":"https:\/\/www.caririemacao.com\/1\/wp-json\/wp\/v2\/posts\/155852","targetHints":{"allow":["GET"]}}],"collection":[{"href":"https:\/\/www.caririemacao.com\/1\/wp-json\/wp\/v2\/posts"}],"about":[{"href":"https:\/\/www.caririemacao.com\/1\/wp-json\/wp\/v2\/types\/post"}],"author":[{"embeddable":true,"href":"https:\/\/www.caririemacao.com\/1\/wp-json\/wp\/v2\/users\/2"}],"replies":[{"embeddable":true,"href":"https:\/\/www.caririemacao.com\/1\/wp-json\/wp\/v2\/comments?post=155852"}],"version-history":[{"count":1,"href":"https:\/\/www.caririemacao.com\/1\/wp-json\/wp\/v2\/posts\/155852\/revisions"}],"predecessor-version":[{"id":155853,"href":"https:\/\/www.caririemacao.com\/1\/wp-json\/wp\/v2\/posts\/155852\/revisions\/155853"}],"wp:featuredmedia":[{"embeddable":true,"href":"https:\/\/www.caririemacao.com\/1\/wp-json\/wp\/v2\/media\/152463"}],"wp:attachment":[{"href":"https:\/\/www.caririemacao.com\/1\/wp-json\/wp\/v2\/media?parent=155852"}],"wp:term":[{"taxonomy":"category","embeddable":true,"href":"https:\/\/www.caririemacao.com\/1\/wp-json\/wp\/v2\/categories?post=155852"},{"taxonomy":"post_tag","embeddable":true,"href":"https:\/\/www.caririemacao.com\/1\/wp-json\/wp\/v2\/tags?post=155852"}],"curies":[{"name":"wp","href":"https:\/\/api.w.org\/{rel}","templated":true}]}}