{"id":155860,"date":"2020-02-29T15:18:15","date_gmt":"2020-02-29T18:18:15","guid":{"rendered":"http:\/\/www.caririemacao.com\/1\/?p=155860"},"modified":"2020-02-29T15:18:17","modified_gmt":"2020-02-29T18:18:17","slug":"maranhao-diz-que-monitora-dois-casos-suspeitos-do-novo-coronavirus","status":"publish","type":"post","link":"https:\/\/www.caririemacao.com\/1\/2020\/02\/29\/maranhao-diz-que-monitora-dois-casos-suspeitos-do-novo-coronavirus\/","title":{"rendered":"Maranh\u00e3o diz que monitora dois casos suspeitos do novo coronav\u00edrus"},"content":{"rendered":"\n<p><br>ASecretaria de Sa\u00fade do Maranh\u00e3o informou que monitora dois casos suspeitos do novo coronav\u00edrus (covid-19) no estado. Em nota divulgada na noite de ontem (28), a secretaria disse que os pacientes, que est\u00e3o em S\u00e3o Lu\u00eds, capital do estado, receberam os primeiros atendimentos e que j\u00e1 foram coletadas amostras para exame e confirma\u00e7\u00e3o se, de fato, eles est\u00e3o com o v\u00edrus.<\/p>\n\n\n\n<p>At\u00e9 o momento, o Minist\u00e9rio da Sa\u00fade (MS) informou que 182 casos suspeitos do novo coronav\u00edrus s\u00e3o monitorados no Brasil, com uma \u00fanica ocorr\u00eancia confirmada da doen\u00e7a no estado de S\u00e3o Paulo. Os dois casos no Maranh\u00e3o ainda n\u00e3o ainda foram contabilizados pelo minist\u00e9rio.<\/p>\n\n\n\n<p>\u201cOs pacientes receberam os primeiros atendimentos e j\u00e1 coletaram amostras que ser\u00e3o examinadas pelo Laborat\u00f3rio Central de Sa\u00fade P\u00fablica do Maranh\u00e3o (Lacen-MA) e, posteriormente, encaminhados para o Instituto Nacional de Infectologia Evandro Chagas, no Par\u00e1. A Secretaria de Estado da Sa\u00fade (SES) j\u00e1 est\u00e1 adotando as medidas previstas no Plano de Conting\u00eancia para o Covid-19 no Maranh\u00e3o, elaborado em conformidade com o Plano de Conting\u00eancia Nacional e Gest\u00e3o de Riscos\u201d, disse a secret\u00e1ria, em nota.<\/p>\n\n\n\n<figure class=\"wp-block-image\"><img decoding=\"async\" data-src=\"https:\/\/paraibaonline.com.br\/wp-content\/uploads\/2020\/02\/corona02-567x339.jpg\" alt=\"Foto: Reuters\" class=\"wp-image-840337 lazyload\" src=\"data:image\/svg+xml;base64,PHN2ZyB3aWR0aD0iMSIgaGVpZ2h0PSIxIiB4bWxucz0iaHR0cDovL3d3dy53My5vcmcvMjAwMC9zdmciPjwvc3ZnPg==\" style=\"--smush-placeholder-width: 567px; --smush-placeholder-aspect-ratio: 567\/339;\" \/><\/figure>\n\n\n\n<p>Foto: Reuters<\/p>\n\n\n\n<p><strong>Resultados s\u00e3o aguardados<\/strong><br>Acrescentou que os resultados devem sair em at\u00e9 uma semana. Em um dos casos, a paciente, vinda da It\u00e1lia, apresentou comprometimento respirat\u00f3rio com sintomas como febre alta, tosse e cansa\u00e7o progressivo.<\/p>\n\n\n\n<p>A secretaria disse que a paciente est\u00e1 em isolamento na Unidade de Pronto Atendimento (UPA) do Vinhais, \u201cpor conta da necessidade de interna\u00e7\u00e3o devido ao quadro cl\u00ednico, aguarda transfer\u00eancia para o Hospital Dr. Carlos Macieira, uma das unidades de sa\u00fade de refer\u00eancia para o atendimento a casos suspeitos no Maranh\u00e3o.\u201d<\/p>\n\n\n\n<p>O outro caso foi classificado como leve, at\u00e9 o momento, n\u00e3o necessitando de interna\u00e7\u00e3o. A paciente foi atendida na UPA do Itaqui-Bacanga e relatou ter passado por pa\u00edses como China, Fran\u00e7a e Jap\u00e3o, onde foram identificados casos da doen\u00e7a.<\/p>\n\n\n\n<p>\u201cA paciente chegou em S\u00e3o Lu\u00eds h\u00e1 quatro dias e apresenta sintomas como dispneia e tosse seca. Por n\u00e3o apresentar quadro cl\u00ednico com necessidade de interna\u00e7\u00e3o, permanecer\u00e1 em isolamento na unidade de pronto atendimento\u201d, disse a secretaria.<\/p>\n\n\n\n<p>Informou tamb\u00e9m que os casos j\u00e1 foram notificados como suspeitos ao Minist\u00e9rio da Sa\u00fade e que a equipe de Vigil\u00e2ncia Epidemiol\u00f3gica de S\u00e3o Lu\u00eds j\u00e1 foi\u201d acionada para realizar o levantamento e monitoramento das pessoas que tiveram contato com os casos suspeitos, a fim de orient\u00e1-las e acompanhar a manifesta\u00e7\u00e3o de poss\u00edveis sintomas\u201d.<\/p>\n\n\n\n<p>At\u00e9 o momento, 71 casos suspeitos de coronav\u00edrus j\u00e1 foram descartados em todo o Brasil. O mais recente boletim mostrou a seguinte distribui\u00e7\u00e3o dos casos pelo Brasil: S\u00e3o Paulo (66), Rio Grande do Sul (27), Rio de Janeiro (19), Minas Gerais (17), Bahia (9), Santa Catarina (9), Cear\u00e1 (6), Pernambuco (5), Paran\u00e1 (5), Distrito Federal (5), Goi\u00e1s (5), Rio Grande do Norte (3), Mato Grosso do Sul (2), Esp\u00edrito Santo (2), Para\u00edba (1) e Alagoas (1).<\/p>\n\n\n\n<p><strong>Cuidados<\/strong><br>O Minist\u00e9rio da Sa\u00fade est\u00e1 considerando como casos suspeitos o de pessoas que apresentarem febre, tosse e dificuldades para respirar, sintomas semelhantes ao de um resfriado e tiveram passagem ou contato com algu\u00e9m que esteve nos \u00faltimos 14 dias na Alemanha, Austr\u00e1lia, Emirados \u00c1rabes, Filipinas, Fran\u00e7a, Ir\u00e3, It\u00e1lia, Mal\u00e1sia, Jap\u00e3o, Singapura, Coreia do Sul, Coreia do Norte, Tail\u00e2ndia, Vietn\u00e3 e Camboja, al\u00e9m da China.<\/p>\n\n\n\n<p>Caso manifeste algum desses sintomas, a pessoa deve procurar atendimento m\u00e9dico imediatamente na unidade de sa\u00fade mais pr\u00f3xima.<\/p>\n\n\n\n<p>Nos casos considerados leves n\u00e3o h\u00e1 necessidade de interna\u00e7\u00e3o, com medidas de precau\u00e7\u00e3o domiciliar, como evitar o contato com outras pessoas e evitar sair de casa. J\u00e1 nos casos considerados graves o paciente deve ser encaminhado a um Hospital de Refer\u00eancia estadual para isolamento e tratamento.<\/p>\n\n\n\n<p>Para evitar a prolifera\u00e7\u00e3o do v\u00edrus, o Minist\u00e9rio da Sa\u00fade recomenda medidas b\u00e1sicas de higiene, como lavar as m\u00e3os frequentemente com \u00e1gua e sabonete por pelo menos 20 segundos; caso n\u00e3o haja \u00e1gua e sabonete, usar um desinfetante para as m\u00e3os \u00e0 base de \u00e1lcool; utilizar len\u00e7o descart\u00e1vel para higiene nasal, cobrir o nariz e a boca com um len\u00e7o de papel quando espirrar ou tossir e jog\u00e1-lo no lixo.<\/p>\n\n\n\n<p>Evitar tocar nos olhos, nariz e boca sem que as m\u00e3os estejam limpas e limpar e desinfetar objetos e superf\u00edcies tocados com frequ\u00eancia.<\/p>\n","protected":false},"excerpt":{"rendered":"<p>ASecretaria de Sa\u00fade do Maranh\u00e3o informou que monitora dois casos suspeitos do novo coronav\u00edrus (covid-19) no estado. Em nota divulgada na noite de ontem (28),&hellip; <\/p>\n","protected":false},"author":2,"featured_media":155775,"comment_status":"closed","ping_status":"closed","sticky":false,"template":"","format":"standard","meta":{"sfsi_plus_gutenberg_text_before_share":"","sfsi_plus_gutenberg_show_text_before_share":"","sfsi_plus_gutenberg_icon_type":"","sfsi_plus_gutenberg_icon_alignemt":"","sfsi_plus_gutenburg_max_per_row":"","footnotes":""},"categories":[2],"tags":[],"class_list":["post-155860","post","type-post","status-publish","format-standard","has-post-thumbnail","hentry","category-geral"],"_links":{"self":[{"href":"https:\/\/www.caririemacao.com\/1\/wp-json\/wp\/v2\/posts\/155860","targetHints":{"allow":["GET"]}}],"collection":[{"href":"https:\/\/www.caririemacao.com\/1\/wp-json\/wp\/v2\/posts"}],"about":[{"href":"https:\/\/www.caririemacao.com\/1\/wp-json\/wp\/v2\/types\/post"}],"author":[{"embeddable":true,"href":"https:\/\/www.caririemacao.com\/1\/wp-json\/wp\/v2\/users\/2"}],"replies":[{"embeddable":true,"href":"https:\/\/www.caririemacao.com\/1\/wp-json\/wp\/v2\/comments?post=155860"}],"version-history":[{"count":1,"href":"https:\/\/www.caririemacao.com\/1\/wp-json\/wp\/v2\/posts\/155860\/revisions"}],"predecessor-version":[{"id":155861,"href":"https:\/\/www.caririemacao.com\/1\/wp-json\/wp\/v2\/posts\/155860\/revisions\/155861"}],"wp:featuredmedia":[{"embeddable":true,"href":"https:\/\/www.caririemacao.com\/1\/wp-json\/wp\/v2\/media\/155775"}],"wp:attachment":[{"href":"https:\/\/www.caririemacao.com\/1\/wp-json\/wp\/v2\/media?parent=155860"}],"wp:term":[{"taxonomy":"category","embeddable":true,"href":"https:\/\/www.caririemacao.com\/1\/wp-json\/wp\/v2\/categories?post=155860"},{"taxonomy":"post_tag","embeddable":true,"href":"https:\/\/www.caririemacao.com\/1\/wp-json\/wp\/v2\/tags?post=155860"}],"curies":[{"name":"wp","href":"https:\/\/api.w.org\/{rel}","templated":true}]}}