{"id":155864,"date":"2020-02-29T15:19:50","date_gmt":"2020-02-29T18:19:50","guid":{"rendered":"http:\/\/www.caririemacao.com\/1\/?p=155864"},"modified":"2020-02-29T15:19:51","modified_gmt":"2020-02-29T18:19:51","slug":"prefeitura-e-governo-do-estado-iniciam-distribuicao-de-agua-dessalinizada-em-ouro-velho-2","status":"publish","type":"post","link":"https:\/\/www.caririemacao.com\/1\/2020\/02\/29\/prefeitura-e-governo-do-estado-iniciam-distribuicao-de-agua-dessalinizada-em-ouro-velho-2\/","title":{"rendered":"Prefeitura e Governo do Estado iniciam distribui\u00e7\u00e3o de \u00e1gua dessalinizada em Ouro Velho"},"content":{"rendered":"\n<div class=\"wp-block-image\"><figure class=\"alignleft\"><img decoding=\"async\" data-src=\"https:\/\/i2.wp.com\/www.vitrinedocariri.com.br\/wp-content\/uploads\/2020\/02\/58ED13B9-BD7B-457F-A891-2DB9C0EA5367.jpeg?resize=300%2C150&amp;ssl=1\" alt=\"\" class=\"wp-image-65163 lazyload\" src=\"data:image\/svg+xml;base64,PHN2ZyB3aWR0aD0iMSIgaGVpZ2h0PSIxIiB4bWxucz0iaHR0cDovL3d3dy53My5vcmcvMjAwMC9zdmciPjwvc3ZnPg==\" \/><\/figure><\/div>\n\n\n\n<p>A Prefeitura Municipal de Ouro Velho, em parceria com o Governo do Estado da Para\u00edba atrav\u00e9s do PROCASE, iniciaram a distribui\u00e7\u00e3o de \u00e1gua dessalinizada na zona rural do munic\u00edpio.<\/p>\n\n\n\n<p>De acordo com informa\u00e7\u00f5es de Joia, diretora do Procase no Cariri, inicialmente ser\u00e3o beneficiadas 40 fam\u00edlias da comunidade Depend\u00eancia, com \u00e1gua pot\u00e1vel de qualidade.<\/p>\n","protected":false},"excerpt":{"rendered":"<p>A Prefeitura Municipal de Ouro Velho, em parceria com o Governo do Estado da Para\u00edba atrav\u00e9s do PROCASE, iniciaram a distribui\u00e7\u00e3o de \u00e1gua dessalinizada na&hellip; <\/p>\n","protected":false},"author":2,"featured_media":155602,"comment_status":"closed","ping_status":"closed","sticky":false,"template":"","format":"standard","meta":{"sfsi_plus_gutenberg_text_before_share":"","sfsi_plus_gutenberg_show_text_before_share":"","sfsi_plus_gutenberg_icon_type":"","sfsi_plus_gutenberg_icon_alignemt":"","sfsi_plus_gutenburg_max_per_row":"","footnotes":""},"categories":[6],"tags":[],"class_list":["post-155864","post","type-post","status-publish","format-standard","has-post-thumbnail","hentry","category-cidades"],"_links":{"self":[{"href":"https:\/\/www.caririemacao.com\/1\/wp-json\/wp\/v2\/posts\/155864","targetHints":{"allow":["GET"]}}],"collection":[{"href":"https:\/\/www.caririemacao.com\/1\/wp-json\/wp\/v2\/posts"}],"about":[{"href":"https:\/\/www.caririemacao.com\/1\/wp-json\/wp\/v2\/types\/post"}],"author":[{"embeddable":true,"href":"https:\/\/www.caririemacao.com\/1\/wp-json\/wp\/v2\/users\/2"}],"replies":[{"embeddable":true,"href":"https:\/\/www.caririemacao.com\/1\/wp-json\/wp\/v2\/comments?post=155864"}],"version-history":[{"count":1,"href":"https:\/\/www.caririemacao.com\/1\/wp-json\/wp\/v2\/posts\/155864\/revisions"}],"predecessor-version":[{"id":155865,"href":"https:\/\/www.caririemacao.com\/1\/wp-json\/wp\/v2\/posts\/155864\/revisions\/155865"}],"wp:featuredmedia":[{"embeddable":true,"href":"https:\/\/www.caririemacao.com\/1\/wp-json\/wp\/v2\/media\/155602"}],"wp:attachment":[{"href":"https:\/\/www.caririemacao.com\/1\/wp-json\/wp\/v2\/media?parent=155864"}],"wp:term":[{"taxonomy":"category","embeddable":true,"href":"https:\/\/www.caririemacao.com\/1\/wp-json\/wp\/v2\/categories?post=155864"},{"taxonomy":"post_tag","embeddable":true,"href":"https:\/\/www.caririemacao.com\/1\/wp-json\/wp\/v2\/tags?post=155864"}],"curies":[{"name":"wp","href":"https:\/\/api.w.org\/{rel}","templated":true}]}}