{"id":155868,"date":"2020-02-29T15:22:16","date_gmt":"2020-02-29T18:22:16","guid":{"rendered":"http:\/\/www.caririemacao.com\/1\/?p=155868"},"modified":"2020-02-29T15:22:17","modified_gmt":"2020-02-29T18:22:17","slug":"calvario-partidos-da-esquerda-criticam-medida-sobre-uso-de-tornozeleira-eletronica","status":"publish","type":"post","link":"https:\/\/www.caririemacao.com\/1\/2020\/02\/29\/calvario-partidos-da-esquerda-criticam-medida-sobre-uso-de-tornozeleira-eletronica\/","title":{"rendered":"Calv\u00e1rio: Partidos da esquerda criticam medida sobre uso de tornozeleira eletr\u00f4nica"},"content":{"rendered":"\n<p><br>Os partidos PT, PC do B, PSB e movimentos sociais emitiram uma nota aos paraibanos criticando a determina\u00e7\u00e3o do desembargador Ricardo Vital, que determinou sob medidas cautelares o uso de<a href=\"https:\/\/paraibaonline.com.br\/2020\/02\/mais-tres-investigados-da-operacao-calvario-vao-usar-tornozeleira-eletronica\/\">&nbsp;tornozeleira eletr\u00f4nica aos investigados<\/a>&nbsp;e presos pela Opera\u00e7\u00e3o Calv\u00e1rio, entre eles, o ex-governador do Estado, Ricardo Coutinho (PSB).<\/p>\n\n\n\n<p>Para os dirigentes partid\u00e1rios e sindicalistas, o judici\u00e1rio cada vez mais vem sendo transformado em aparelho da pol\u00edtica, transformando as investiga\u00e7\u00f5es em espet\u00e1culo, destinado apenas a produzir condena\u00e7\u00f5es antecipadas, linchamento moral e assassinato de reputa\u00e7\u00f5es de cidad\u00e3os e cidad\u00e3s que est\u00e3o em pleno gozo de seus direitos constitucionais, e que est\u00e3o sendo tratados de forma ilegal, imoral, a\u00e9tica pelos seus advers\u00e1rios pol\u00edticos.<\/p>\n\n\n\n<figure class=\"wp-block-image\"><img decoding=\"async\" data-src=\"https:\/\/paraibaonline.com.br\/wp-content\/uploads\/2020\/02\/des_ricardo_vital_de_almeida_-.jpg-567x405.jpeg\" alt=\"Foto: Paraibaonline\" class=\"wp-image-840315 lazyload\" src=\"data:image\/svg+xml;base64,PHN2ZyB3aWR0aD0iMSIgaGVpZ2h0PSIxIiB4bWxucz0iaHR0cDovL3d3dy53My5vcmcvMjAwMC9zdmciPjwvc3ZnPg==\" style=\"--smush-placeholder-width: 567px; --smush-placeholder-aspect-ratio: 567\/405;\" \/><\/figure>\n\n\n\n<p>Foto: Paraibaonline<\/p>\n\n\n\n<p><strong>Confira a Nota<\/strong><\/p>\n\n\n\n<p>NOTA<br>Os partidos e entidades da sociedade civil paraibana que subscrevem esta nota dirigem-se ao povo paraibano para expressarem sua estranheza e ao mesmo tempo manifestarem seu protesto e indigna\u00e7\u00e3o, contra a determina\u00e7\u00e3o do Desembargador do Tribunal de Justi\u00e7a da Para\u00edba, Ricardo Vital, de obrigar os investigados na Opera\u00e7\u00e3o Calv\u00e1rio a usarem tornozeleira eletr\u00f4nica, mesmo ap\u00f3s o Superior Tribunal de Justi\u00e7a conceder Habeas Corpus aos mesmos.<\/p>\n\n\n\n<p>Esse ato explicita ainda mais o car\u00e1ter persecut\u00f3rio que, desde o in\u00edcio, caracteriza a Opera\u00e7\u00e3o Calv\u00e1rio: pris\u00f5es cautelares, dela\u00e7\u00f5es premiadas, vazamentos seletivos para setores da imprensa advers\u00e1ria dos investigados, pris\u00f5es \u00e0s v\u00e9speras do recesso judici\u00e1rio, com o objetivo de dificultar a revers\u00e3o da medida, divulga\u00e7\u00e3o para a imprensa de trechos de dela\u00e7\u00f5es em inqu\u00e9ritos que tramitam em \u201csegredo de Justi\u00e7a\u201d, antes mesmo que seja garantida a defesa destes, o legal acesso a estas dele\u00e7\u00f5es.<\/p>\n\n\n\n<p>O Judici\u00e1rio cada vez mais vem sendo transformado em aparelho da pol\u00edtica, transformando as investiga\u00e7\u00f5es em espet\u00e1culo, destinado apenas a produzir condena\u00e7\u00f5es antecipadas, linchamento moral e assassinato de reputa\u00e7\u00f5es de cidad\u00e3os e cidad\u00e3s que est\u00e3o em pleno gozo de seus direitos constitucionais, e que est\u00e3o sendo tratados de forma ilegal, imoral, a\u00e9tica pelos seus advers\u00e1rios pol\u00edticos.<\/p>\n\n\n\n<p>Os procedimentos adotados localmente tanto pelo Minist\u00e9rio P\u00fablico quanto pelo desembargador respons\u00e1vel pela Opera\u00e7\u00e3o Calv\u00e1rio, s\u00e3o expl\u00edcitos o suficiente para mostrar que, nessas investiga\u00e7\u00f5es, o que menos importa \u00e9 seguir a Constitui\u00e7\u00e3o, o rito processual dos tribunais e as leis do pa\u00eds, porque foram identificadas ilegalidades cometidas ao longo de mais de um ano de investiga\u00e7\u00f5es, cujos resultados se resumem a ila\u00e7\u00f5es obtidas por dela\u00e7\u00f5es premiadas adquiridas atrav\u00e9s de ass\u00e9dios morais e torturas psicol\u00f3gicas, sem a devida prova material.<\/p>\n\n\n\n<p>A \u00faltima decis\u00e3o de obrigar os\/as investigados\/as na Opera\u00e7\u00e3o Calv\u00e1rio a usarem tornozeleiras eletr\u00f4nicas \u00e9 apenas mais um cap\u00edtulo dessa sequ\u00eancia de persecut\u00f3rias ilegalidades cometidas no decorrer da Opera\u00e7\u00e3o. Al\u00e9m de n\u00e3o haver nenhuma justificativa para a medida, a n\u00e3o ser expor os\/as atingidos\/as \u00e0 humilha\u00e7\u00e3o p\u00fablica, refor\u00e7ando ainda mais a percep\u00e7\u00e3o por parte da sociedade civil organizada, de que h\u00e1 inaceit\u00e1veis motiva\u00e7\u00f5es pol\u00edticas e arrivista que movem a Opera\u00e7\u00e3o Calv\u00e1rio! Assim, conclamamos a sociedade paraibana, os movimentos sociais e os homens e mulheres que lutam em defesa da democracia a continuar denunciando as arbitrariedades cometidas por parte do judici\u00e1rio brasileiro.<\/p>\n\n\n\n<p>Jo\u00e3o Pessoa, 27 de Fevereiro de 2020.<\/p>\n\n\n\n<p>Assinam Partido dos Trabalhadores Partido Comunista do Brasil \u2013 PCdoB-PB Partido Socialista Brasileiro \u2013 PSB-PB Movimento dos Trabalhadores Sem Terra \u2013 MST Central dos Trabalhadores e Trabalhadoras do Brasil \u2013 CTB Marcha Mundial das Mulheres Associa\u00e7\u00e3o Brasileira de Juristas pela Democracia\/PB Consulta Popular Levante Popular da Juventude Grupo de Mulheres L\u00e9sbicas e Bissexuais Maria Quit\u00e9ria PB Movimento da Negritude Unificada Movimento do Espirito Lil\u00e1s \u2013 MEL Associa\u00e7\u00e3o dos Travestis da PB \u2013 Astrapa SINTESUFCG \u2013 Sindicato dos Trabalhadores de Educa\u00e7\u00e3o Superior da UFCG ADUFPB \u2013 Associa\u00e7\u00e3o dos Docentes da UFPB ABAYOMI \u2013 Coletivo de Mulheres Negras na Para\u00edba. Articula\u00e7\u00e3o de Mulheres Brasileiras \u2013 AMB MOV-BI Movimento de Moradia M\u00e3os Dadas. JPT \u2013 Juventude Petista PB<\/p>\n","protected":false},"excerpt":{"rendered":"<p>Os partidos PT, PC do B, PSB e movimentos sociais emitiram uma nota aos paraibanos criticando a determina\u00e7\u00e3o do desembargador Ricardo Vital, que determinou sob&hellip; <\/p>\n","protected":false},"author":2,"featured_media":120193,"comment_status":"closed","ping_status":"closed","sticky":false,"template":"","format":"standard","meta":{"sfsi_plus_gutenberg_text_before_share":"","sfsi_plus_gutenberg_show_text_before_share":"","sfsi_plus_gutenberg_icon_type":"","sfsi_plus_gutenberg_icon_alignemt":"","sfsi_plus_gutenburg_max_per_row":"","footnotes":""},"categories":[11],"tags":[],"class_list":["post-155868","post","type-post","status-publish","format-standard","has-post-thumbnail","hentry","category-politica"],"_links":{"self":[{"href":"https:\/\/www.caririemacao.com\/1\/wp-json\/wp\/v2\/posts\/155868","targetHints":{"allow":["GET"]}}],"collection":[{"href":"https:\/\/www.caririemacao.com\/1\/wp-json\/wp\/v2\/posts"}],"about":[{"href":"https:\/\/www.caririemacao.com\/1\/wp-json\/wp\/v2\/types\/post"}],"author":[{"embeddable":true,"href":"https:\/\/www.caririemacao.com\/1\/wp-json\/wp\/v2\/users\/2"}],"replies":[{"embeddable":true,"href":"https:\/\/www.caririemacao.com\/1\/wp-json\/wp\/v2\/comments?post=155868"}],"version-history":[{"count":1,"href":"https:\/\/www.caririemacao.com\/1\/wp-json\/wp\/v2\/posts\/155868\/revisions"}],"predecessor-version":[{"id":155869,"href":"https:\/\/www.caririemacao.com\/1\/wp-json\/wp\/v2\/posts\/155868\/revisions\/155869"}],"wp:featuredmedia":[{"embeddable":true,"href":"https:\/\/www.caririemacao.com\/1\/wp-json\/wp\/v2\/media\/120193"}],"wp:attachment":[{"href":"https:\/\/www.caririemacao.com\/1\/wp-json\/wp\/v2\/media?parent=155868"}],"wp:term":[{"taxonomy":"category","embeddable":true,"href":"https:\/\/www.caririemacao.com\/1\/wp-json\/wp\/v2\/categories?post=155868"},{"taxonomy":"post_tag","embeddable":true,"href":"https:\/\/www.caririemacao.com\/1\/wp-json\/wp\/v2\/tags?post=155868"}],"curies":[{"name":"wp","href":"https:\/\/api.w.org\/{rel}","templated":true}]}}