{"id":155872,"date":"2020-02-29T15:24:26","date_gmt":"2020-02-29T18:24:26","guid":{"rendered":"http:\/\/www.caririemacao.com\/1\/?p=155872"},"modified":"2020-02-29T15:24:28","modified_gmt":"2020-02-29T18:24:28","slug":"matricula-na-educacao-infantil-cresceu-126-nos-ultimos-cinco-anos","status":"publish","type":"post","link":"https:\/\/www.caririemacao.com\/1\/2020\/02\/29\/matricula-na-educacao-infantil-cresceu-126-nos-ultimos-cinco-anos\/","title":{"rendered":"Matr\u00edcula na educa\u00e7\u00e3o infantil cresceu 12,6% nos \u00faltimos cinco anos"},"content":{"rendered":"\n<p>O n\u00famero de matr\u00edculas na educa\u00e7\u00e3o infantil aumentou em 12,6% nos \u00faltimos cinco anos. Segundo dados do Censo Escolar 2019, realizado anualmente pelo Instituto Nacional de Estudos e Pesquisas Educacionais An\u00edsio Teixeira (Inep), no ano passado foram registrados 8.972.778 alunos em creches e pr\u00e9-escolas. Em 2015, foram 7.972.230 estudantes.<\/p>\n\n\n\n<p>Segundo o Censo Escolar, o crescimento foi impulsionado pelas matr\u00edculas em creches, com 167,8 mil registros a mais em 2019 do que em 2018, um aumento de 4,7%. Em 2015, as matr\u00edculas em creches cresceram 23,2%.<\/p>\n\n\n\n<p>A rede municipal de ensino concentra a maior parte das matr\u00edculas da educa\u00e7\u00e3o infantil: 71,4%. Em seguida, vem a rede privada com 27,9% do total. Das matr\u00edculas da rede privada, 29,4% pertencem a institui\u00e7\u00f5es particulares, comunit\u00e1rias, confessionais e filantr\u00f3picas conveniadas com o poder p\u00fablico.<\/p>\n\n\n\n<p>O levantamento indica que 10,5% das matr\u00edculas encontram-se na zona rural, e a quase totalidade (96,8%) das matr\u00edculas s\u00e3o atendidas por estabelecimentos da rede p\u00fablica. O censo apurou que 13,2% das crian\u00e7as que frequentam a pr\u00e9-escola est\u00e3o na zona rural e 6,7% est\u00e3o matriculadas nas creches rurais.<\/p>\n\n\n\n<p>O Censo Escolar \u00e9 uma pesquisa estat\u00edstica realizada para oferecer um diagn\u00f3stico sobre a educa\u00e7\u00e3o b\u00e1sica brasileira. Coordenado pelo Inep, \u00f3rg\u00e3o vinculado ao Minist\u00e9rio da Educa\u00e7\u00e3o (MEC), o levantamento \u00e9 realizado em regime de colabora\u00e7\u00e3o entre a Uni\u00e3o, os estados, o Distrito Federal e os munic\u00edpios.<\/p>\n\n\n\n<p>A pesquisa \u00e9 declarat\u00f3ria, de abrang\u00eancia nacional e coleta informa\u00e7\u00f5es de todas as escolas p\u00fablicas e privadas, suas respectivas turmas, gestores, profissionais escolares e alunos de todas as etapas e modalidades de ensino: ensino regular<\/p>\n","protected":false},"excerpt":{"rendered":"<p>O n\u00famero de matr\u00edculas na educa\u00e7\u00e3o infantil aumentou em 12,6% nos \u00faltimos cinco anos. Segundo dados do Censo Escolar 2019, realizado anualmente pelo Instituto Nacional&hellip; <\/p>\n","protected":false},"author":2,"featured_media":155873,"comment_status":"closed","ping_status":"closed","sticky":false,"template":"","format":"standard","meta":{"sfsi_plus_gutenberg_text_before_share":"","sfsi_plus_gutenberg_show_text_before_share":"","sfsi_plus_gutenberg_icon_type":"","sfsi_plus_gutenberg_icon_alignemt":"","sfsi_plus_gutenburg_max_per_row":"","footnotes":""},"categories":[14],"tags":[],"class_list":["post-155872","post","type-post","status-publish","format-standard","has-post-thumbnail","hentry","category-educacao"],"_links":{"self":[{"href":"https:\/\/www.caririemacao.com\/1\/wp-json\/wp\/v2\/posts\/155872","targetHints":{"allow":["GET"]}}],"collection":[{"href":"https:\/\/www.caririemacao.com\/1\/wp-json\/wp\/v2\/posts"}],"about":[{"href":"https:\/\/www.caririemacao.com\/1\/wp-json\/wp\/v2\/types\/post"}],"author":[{"embeddable":true,"href":"https:\/\/www.caririemacao.com\/1\/wp-json\/wp\/v2\/users\/2"}],"replies":[{"embeddable":true,"href":"https:\/\/www.caririemacao.com\/1\/wp-json\/wp\/v2\/comments?post=155872"}],"version-history":[{"count":1,"href":"https:\/\/www.caririemacao.com\/1\/wp-json\/wp\/v2\/posts\/155872\/revisions"}],"predecessor-version":[{"id":155874,"href":"https:\/\/www.caririemacao.com\/1\/wp-json\/wp\/v2\/posts\/155872\/revisions\/155874"}],"wp:featuredmedia":[{"embeddable":true,"href":"https:\/\/www.caririemacao.com\/1\/wp-json\/wp\/v2\/media\/155873"}],"wp:attachment":[{"href":"https:\/\/www.caririemacao.com\/1\/wp-json\/wp\/v2\/media?parent=155872"}],"wp:term":[{"taxonomy":"category","embeddable":true,"href":"https:\/\/www.caririemacao.com\/1\/wp-json\/wp\/v2\/categories?post=155872"},{"taxonomy":"post_tag","embeddable":true,"href":"https:\/\/www.caririemacao.com\/1\/wp-json\/wp\/v2\/tags?post=155872"}],"curies":[{"name":"wp","href":"https:\/\/api.w.org\/{rel}","templated":true}]}}