{"id":155877,"date":"2020-02-29T15:26:23","date_gmt":"2020-02-29T18:26:23","guid":{"rendered":"http:\/\/www.caririemacao.com\/1\/?p=155877"},"modified":"2020-02-29T15:26:25","modified_gmt":"2020-02-29T18:26:25","slug":"concurso-da-fundac-governo-divulga-resultado-final-da-prova-de-titulos","status":"publish","type":"post","link":"https:\/\/www.caririemacao.com\/1\/2020\/02\/29\/concurso-da-fundac-governo-divulga-resultado-final-da-prova-de-titulos\/","title":{"rendered":"Concurso da Fundac: Governo divulga resultado final da prova de t\u00edtulos"},"content":{"rendered":"\n<p>O Governo do Estado, por meio da Secretaria de Estado da Administra\u00e7\u00e3o, publicou no Di\u00e1rio Oficial desta sexta-feira (28), as respostas aos recursos e resultado final da Prova de T\u00edtulos do concurso p\u00fablico para a Funda\u00e7\u00e3o de Desenvolvimento da Crian\u00e7a e do Adolescente Alice de Almeida (Fundac).<\/p>\n\n\n\n<p>A lista completa pode ser acessada no site&nbsp;<a href=\"https:\/\/auniao.pb.gov.br\/doe\" target=\"_blank\" rel=\"noreferrer noopener\">https:\/\/auniao.pb.gov.br\/doe<\/a>&nbsp;e no site da banca organizadora do certame, no endere\u00e7o&nbsp;<a href=\"https:\/\/www.ibade.org.br\/\" target=\"_blank\" rel=\"noreferrer noopener\">www.ibade.org.br<\/a>.<\/p>\n\n\n\n<p>O resultado encontra-se disposto na seguinte ordem: cargo, vaga, inscri\u00e7\u00e3o, nome do candidato em ordem alfab\u00e9tica e situa\u00e7\u00e3o.<\/p>\n\n\n\n<p>Os candidatos poder\u00e3o obter informa\u00e7\u00f5es gerais referentes ao concurso p\u00fablico por meio do site do Ibade (citado acima), por meio dos telefones 0800 668 2175 \/ (21) 3674-9190 \/ (21) 3527-0583, pelo e-mail&nbsp;atendimento@ibade.org.br, ou pelo Fale Conosco no site&nbsp;<a href=\"http:\/\/ww2.ibade.org.br\/Home\" target=\"_blank\" rel=\"noreferrer noopener\">http:\/\/ww2.ibade.org.br\/Home<\/a>.<\/p>\n","protected":false},"excerpt":{"rendered":"<p>O Governo do Estado, por meio da Secretaria de Estado da Administra\u00e7\u00e3o, publicou no Di\u00e1rio Oficial desta sexta-feira (28), as respostas aos recursos e resultado&hellip; <\/p>\n","protected":false},"author":2,"featured_media":85885,"comment_status":"closed","ping_status":"closed","sticky":false,"template":"","format":"standard","meta":{"sfsi_plus_gutenberg_text_before_share":"","sfsi_plus_gutenberg_show_text_before_share":"","sfsi_plus_gutenberg_icon_type":"","sfsi_plus_gutenberg_icon_alignemt":"","sfsi_plus_gutenburg_max_per_row":"","footnotes":""},"categories":[2],"tags":[],"class_list":["post-155877","post","type-post","status-publish","format-standard","has-post-thumbnail","hentry","category-geral"],"_links":{"self":[{"href":"https:\/\/www.caririemacao.com\/1\/wp-json\/wp\/v2\/posts\/155877","targetHints":{"allow":["GET"]}}],"collection":[{"href":"https:\/\/www.caririemacao.com\/1\/wp-json\/wp\/v2\/posts"}],"about":[{"href":"https:\/\/www.caririemacao.com\/1\/wp-json\/wp\/v2\/types\/post"}],"author":[{"embeddable":true,"href":"https:\/\/www.caririemacao.com\/1\/wp-json\/wp\/v2\/users\/2"}],"replies":[{"embeddable":true,"href":"https:\/\/www.caririemacao.com\/1\/wp-json\/wp\/v2\/comments?post=155877"}],"version-history":[{"count":1,"href":"https:\/\/www.caririemacao.com\/1\/wp-json\/wp\/v2\/posts\/155877\/revisions"}],"predecessor-version":[{"id":155878,"href":"https:\/\/www.caririemacao.com\/1\/wp-json\/wp\/v2\/posts\/155877\/revisions\/155878"}],"wp:featuredmedia":[{"embeddable":true,"href":"https:\/\/www.caririemacao.com\/1\/wp-json\/wp\/v2\/media\/85885"}],"wp:attachment":[{"href":"https:\/\/www.caririemacao.com\/1\/wp-json\/wp\/v2\/media?parent=155877"}],"wp:term":[{"taxonomy":"category","embeddable":true,"href":"https:\/\/www.caririemacao.com\/1\/wp-json\/wp\/v2\/categories?post=155877"},{"taxonomy":"post_tag","embeddable":true,"href":"https:\/\/www.caririemacao.com\/1\/wp-json\/wp\/v2\/tags?post=155877"}],"curies":[{"name":"wp","href":"https:\/\/api.w.org\/{rel}","templated":true}]}}