{"id":155890,"date":"2020-03-01T05:17:39","date_gmt":"2020-03-01T08:17:39","guid":{"rendered":"http:\/\/www.caririemacao.com\/1\/?p=155890"},"modified":"2020-03-01T05:17:41","modified_gmt":"2020-03-01T08:17:41","slug":"atacante-quer-foco-do-botafogo-pb-no-estadual-antes-da-copa-do-brasil","status":"publish","type":"post","link":"https:\/\/www.caririemacao.com\/1\/2020\/03\/01\/atacante-quer-foco-do-botafogo-pb-no-estadual-antes-da-copa-do-brasil\/","title":{"rendered":"Atacante quer foco do Botafogo-PB no estadual antes da Copa do Brasil"},"content":{"rendered":"\n<p>Bastante contestado no in\u00edcio de temporada, o atacante Lohan vem come\u00e7ando a conquistar a torcida botafoguense com gols importantes. S\u00f3 diante de Campinense e Cear\u00e1, o camisa 9 do Belo marcou tr\u00eas vezes, uma no cl\u00e1ssico estadual e duas contra o time da primeira divis\u00e3o do Campeonato Brasileiro, fora de casa, o que garantiu a lideran\u00e7a do Grupo A da Copa do Nordeste ao Botafogo-PB.<\/p>\n\n\n\n<p>Com a titularidade assegurada, ao menos no momento, o centro-avante pode ser poupado para o jogo da pr\u00f3xima quarta, contra o Fluminense, pela Copa do Brasil. Mesmo assim, o foco est\u00e1 voltado para a partida de amanh\u00e3, pelo estadual.<\/p>\n\n\n\n<p>\u2013 Domingo temos um jogo importante contra o S\u00e3o Paulo Crystal. O Piza vai esperar o feedback, est\u00e1 conversando com a gente, e quem estiver 100% vai entrar em campo para ajudar o Botafogo-PB. A gente sabe que n\u00e3o podemos perder pontos bobos porque nossos advers\u00e1rios est\u00e3o pontuando. Vamos com tudo no domingo para pontuar e seguir em busca do tetra do Paraibano \u2013 disse Lohan (\u00e0 esquerda na foto).<\/p>\n\n\n\n<p>Sem ter como evitar o assunto Copa do Brasil, o atacante do Belo, que nunca atuou no Maracan\u00e3 mesmo tendo passagens por clubes do Rio de Janeiro na carreira, admite ansiedade para o duelo, mas s\u00f3 quer pensar isso ap\u00f3s enfrentar o S\u00e3o Paulo Crystal.<\/p>\n\n\n\n<p>\u2013 Vamos pensar isso na segunda. Mas \u00e9 claro que esperamos fazer um bom jogo l\u00e1, assim como domingo para depois pensar na Copa do Brasil. \u00c9 o sonho de todo jogador jogar um jogo desse, mas temos um jogo dif\u00edcil contra o S\u00e3o Paulo Crystal \u2013 afirmou.<\/p>\n\n\n\n<p>No domingo (01), como visitante, o Botafogo-PB duela com o S\u00e3o Paulo Crystal, \u00e0s 16h, no est\u00e1dio Almeid\u00e3o. O Belo tem 10 pontos com uma partida a menos, e \u00e9 o vice-l\u00edder do Grupo A, com a mesma pontua\u00e7\u00e3o do Treze, e tr\u00eas atr\u00e1s do Atl\u00e9tico de Cajazeiras.<\/p>\n","protected":false},"excerpt":{"rendered":"<p>Bastante contestado no in\u00edcio de temporada, o atacante Lohan vem come\u00e7ando a conquistar a torcida botafoguense com gols importantes. S\u00f3 diante de Campinense e Cear\u00e1,&hellip; <\/p>\n","protected":false},"author":2,"featured_media":155891,"comment_status":"closed","ping_status":"closed","sticky":false,"template":"","format":"standard","meta":{"sfsi_plus_gutenberg_text_before_share":"","sfsi_plus_gutenberg_show_text_before_share":"","sfsi_plus_gutenberg_icon_type":"","sfsi_plus_gutenberg_icon_alignemt":"","sfsi_plus_gutenburg_max_per_row":"","footnotes":""},"categories":[13],"tags":[],"class_list":["post-155890","post","type-post","status-publish","format-standard","has-post-thumbnail","hentry","category-esportes"],"_links":{"self":[{"href":"https:\/\/www.caririemacao.com\/1\/wp-json\/wp\/v2\/posts\/155890","targetHints":{"allow":["GET"]}}],"collection":[{"href":"https:\/\/www.caririemacao.com\/1\/wp-json\/wp\/v2\/posts"}],"about":[{"href":"https:\/\/www.caririemacao.com\/1\/wp-json\/wp\/v2\/types\/post"}],"author":[{"embeddable":true,"href":"https:\/\/www.caririemacao.com\/1\/wp-json\/wp\/v2\/users\/2"}],"replies":[{"embeddable":true,"href":"https:\/\/www.caririemacao.com\/1\/wp-json\/wp\/v2\/comments?post=155890"}],"version-history":[{"count":1,"href":"https:\/\/www.caririemacao.com\/1\/wp-json\/wp\/v2\/posts\/155890\/revisions"}],"predecessor-version":[{"id":155892,"href":"https:\/\/www.caririemacao.com\/1\/wp-json\/wp\/v2\/posts\/155890\/revisions\/155892"}],"wp:featuredmedia":[{"embeddable":true,"href":"https:\/\/www.caririemacao.com\/1\/wp-json\/wp\/v2\/media\/155891"}],"wp:attachment":[{"href":"https:\/\/www.caririemacao.com\/1\/wp-json\/wp\/v2\/media?parent=155890"}],"wp:term":[{"taxonomy":"category","embeddable":true,"href":"https:\/\/www.caririemacao.com\/1\/wp-json\/wp\/v2\/categories?post=155890"},{"taxonomy":"post_tag","embeddable":true,"href":"https:\/\/www.caririemacao.com\/1\/wp-json\/wp\/v2\/tags?post=155890"}],"curies":[{"name":"wp","href":"https:\/\/api.w.org\/{rel}","templated":true}]}}