{"id":155899,"date":"2020-03-01T05:20:50","date_gmt":"2020-03-01T08:20:50","guid":{"rendered":"http:\/\/www.caririemacao.com\/1\/?p=155899"},"modified":"2020-03-01T05:20:52","modified_gmt":"2020-03-01T08:20:52","slug":"segundo-caso-de-coronavirus-no-brasil-e-confirmado-em-sao-paulo","status":"publish","type":"post","link":"https:\/\/www.caririemacao.com\/1\/2020\/03\/01\/segundo-caso-de-coronavirus-no-brasil-e-confirmado-em-sao-paulo\/","title":{"rendered":"Segundo caso de coronav\u00edrus no Brasil \u00e9 confirmado em S\u00e3o Paulo"},"content":{"rendered":"\n<p>O Minist\u00e9rio da Sa\u00fade informou neste s\u00e1bado (29) que foi notificado pela Secretaria de Sa\u00fade de S\u00e3o Paulo sobre um segundo caso confirmado de coronav\u00edrus no Brasil.<br><\/p>\n\n\n\n<p>De acordo com o minist\u00e9rio, o paciente esteve na It\u00e1lia e n\u00e3o h\u00e1 evid\u00eancias de circula\u00e7\u00e3o do v\u00edrus em territ\u00f3rio nacional.<\/p>\n\n\n\n<p>Mais informa\u00e7\u00f5es sobre o caso ser\u00e3o consolidadas pelo pasta, em conjunto com a secretaria, e divulgadas ainda neste s\u00e1bado.<\/p>\n\n\n\n<p>O primeiro caso foi confirmado na quarta-feira (26). Trata-se de um homem que tamb\u00e9m \u00e9 S\u00e3o Paulo e veio da It\u00e1lia. O paciente, de 61 anos, foi o primeiro caso da doen\u00e7a no pa\u00eds e em toda a Am\u00e9rica Latina.<\/p>\n","protected":false},"excerpt":{"rendered":"<p>O Minist\u00e9rio da Sa\u00fade informou neste s\u00e1bado (29) que foi notificado pela Secretaria de Sa\u00fade de S\u00e3o Paulo sobre um segundo caso confirmado de coronav\u00edrus&hellip; <\/p>\n","protected":false},"author":2,"featured_media":155657,"comment_status":"closed","ping_status":"closed","sticky":false,"template":"","format":"standard","meta":{"sfsi_plus_gutenberg_text_before_share":"","sfsi_plus_gutenberg_show_text_before_share":"","sfsi_plus_gutenberg_icon_type":"","sfsi_plus_gutenberg_icon_alignemt":"","sfsi_plus_gutenburg_max_per_row":"","footnotes":""},"categories":[50,16],"tags":[],"class_list":["post-155899","post","type-post","status-publish","format-standard","has-post-thumbnail","hentry","category-destaque","category-saude"],"_links":{"self":[{"href":"https:\/\/www.caririemacao.com\/1\/wp-json\/wp\/v2\/posts\/155899","targetHints":{"allow":["GET"]}}],"collection":[{"href":"https:\/\/www.caririemacao.com\/1\/wp-json\/wp\/v2\/posts"}],"about":[{"href":"https:\/\/www.caririemacao.com\/1\/wp-json\/wp\/v2\/types\/post"}],"author":[{"embeddable":true,"href":"https:\/\/www.caririemacao.com\/1\/wp-json\/wp\/v2\/users\/2"}],"replies":[{"embeddable":true,"href":"https:\/\/www.caririemacao.com\/1\/wp-json\/wp\/v2\/comments?post=155899"}],"version-history":[{"count":1,"href":"https:\/\/www.caririemacao.com\/1\/wp-json\/wp\/v2\/posts\/155899\/revisions"}],"predecessor-version":[{"id":155900,"href":"https:\/\/www.caririemacao.com\/1\/wp-json\/wp\/v2\/posts\/155899\/revisions\/155900"}],"wp:featuredmedia":[{"embeddable":true,"href":"https:\/\/www.caririemacao.com\/1\/wp-json\/wp\/v2\/media\/155657"}],"wp:attachment":[{"href":"https:\/\/www.caririemacao.com\/1\/wp-json\/wp\/v2\/media?parent=155899"}],"wp:term":[{"taxonomy":"category","embeddable":true,"href":"https:\/\/www.caririemacao.com\/1\/wp-json\/wp\/v2\/categories?post=155899"},{"taxonomy":"post_tag","embeddable":true,"href":"https:\/\/www.caririemacao.com\/1\/wp-json\/wp\/v2\/tags?post=155899"}],"curies":[{"name":"wp","href":"https:\/\/api.w.org\/{rel}","templated":true}]}}