{"id":155901,"date":"2020-03-01T05:22:51","date_gmt":"2020-03-01T08:22:51","guid":{"rendered":"http:\/\/www.caririemacao.com\/1\/?p=155901"},"modified":"2020-03-01T05:22:53","modified_gmt":"2020-03-01T08:22:53","slug":"paraiba-possui-o-quinto-menor-endividamento-do-brasil","status":"publish","type":"post","link":"https:\/\/www.caririemacao.com\/1\/2020\/03\/01\/paraiba-possui-o-quinto-menor-endividamento-do-brasil\/","title":{"rendered":"Para\u00edba possui o quinto menor endividamento do Brasil"},"content":{"rendered":"\n<p>O \u00edndice de endividamento da Para\u00edba caiu de 32,47% em 2018 para 23,25% da Receita Corrente L\u00edquida (RCL) em 2019. Os dados, divulgados em reportagem do jornal Valor, apontam que o Estado possui o quinto menor endividamento do Brasil, atestando assim o seu quadro de equil\u00edbrio fiscal.<\/p>\n\n\n\n<p>O endividamento dos Estados \u00e9 medido pela rela\u00e7\u00e3o entre D\u00edvida Consolidada L\u00edquida (DCL) e Receita Corrente L\u00edquida (RCL), tendo como limite 200%. Entre 20 dos 25 Estados mais o Distrito Federal (Roraima n\u00e3o foi inclu\u00eddo), o endividamento caiu em 2019 em rela\u00e7\u00e3o ao ano de 2018, de acordo com a reportagem, que tem como base os relat\u00f3rios da Secretaria do Tesouro Nacional. Os Estados que registraram aumento do \u00edndice de endividamento foram Minas Gerais, Rio de Janeiro e Rio Grande do Sul (RJ e RS ultrapassaram a Lei de Responsabilidade Fiscal), que enfrentam problemas de desequil\u00edbrio fiscal.<br>&nbsp;<br>O bom desempenho da economia da Para\u00edba em 2019 com sua pol\u00edtica de gest\u00e3o fiscal garantir\u00e1 seu credenciamento no rating B do Tesouro Nacional pelo quarto ano consecutivo, na avalia\u00e7\u00e3o do secret\u00e1rio de Planejamento, Or\u00e7amento e Gest\u00e3o, Gilmar Martins, o que possibilitar\u00e1 a contrata\u00e7\u00e3o das tr\u00eas opera\u00e7\u00f5es de cr\u00e9dito (FINISA, PSH e AMAR) que est\u00e3o sendo negociadas com aval do Governo federal, permitindo aumentar os investimentos em 2020.<br>&nbsp;<br>Reportagem da Folha de S\u00e3o Paulo do dia 26\/02\/20 aponta que a Para\u00edba \u00e9 o quinto Estado do Brasil que teve maior investimento p\u00fablico em 2019, abaixo apenas dos Estados do Amap\u00e1, Minas Gerais, Rio de Janeiro, Esp\u00edrito Santo. Esses foram os \u00fanicos que registraram crescimento de 2018 para 2019. Os demais estados registraram queda na compara\u00e7\u00e3o com o ano anterior.&nbsp;&nbsp;<\/p>\n","protected":false},"excerpt":{"rendered":"<p>O \u00edndice de endividamento da Para\u00edba caiu de 32,47% em 2018 para 23,25% da Receita Corrente L\u00edquida (RCL) em 2019. Os dados, divulgados em reportagem&hellip; <\/p>\n","protected":false},"author":2,"featured_media":155902,"comment_status":"closed","ping_status":"closed","sticky":false,"template":"","format":"standard","meta":{"sfsi_plus_gutenberg_text_before_share":"","sfsi_plus_gutenberg_show_text_before_share":"","sfsi_plus_gutenberg_icon_type":"","sfsi_plus_gutenberg_icon_alignemt":"","sfsi_plus_gutenburg_max_per_row":"","footnotes":""},"categories":[2],"tags":[],"class_list":["post-155901","post","type-post","status-publish","format-standard","has-post-thumbnail","hentry","category-geral"],"_links":{"self":[{"href":"https:\/\/www.caririemacao.com\/1\/wp-json\/wp\/v2\/posts\/155901","targetHints":{"allow":["GET"]}}],"collection":[{"href":"https:\/\/www.caririemacao.com\/1\/wp-json\/wp\/v2\/posts"}],"about":[{"href":"https:\/\/www.caririemacao.com\/1\/wp-json\/wp\/v2\/types\/post"}],"author":[{"embeddable":true,"href":"https:\/\/www.caririemacao.com\/1\/wp-json\/wp\/v2\/users\/2"}],"replies":[{"embeddable":true,"href":"https:\/\/www.caririemacao.com\/1\/wp-json\/wp\/v2\/comments?post=155901"}],"version-history":[{"count":1,"href":"https:\/\/www.caririemacao.com\/1\/wp-json\/wp\/v2\/posts\/155901\/revisions"}],"predecessor-version":[{"id":155903,"href":"https:\/\/www.caririemacao.com\/1\/wp-json\/wp\/v2\/posts\/155901\/revisions\/155903"}],"wp:featuredmedia":[{"embeddable":true,"href":"https:\/\/www.caririemacao.com\/1\/wp-json\/wp\/v2\/media\/155902"}],"wp:attachment":[{"href":"https:\/\/www.caririemacao.com\/1\/wp-json\/wp\/v2\/media?parent=155901"}],"wp:term":[{"taxonomy":"category","embeddable":true,"href":"https:\/\/www.caririemacao.com\/1\/wp-json\/wp\/v2\/categories?post=155901"},{"taxonomy":"post_tag","embeddable":true,"href":"https:\/\/www.caririemacao.com\/1\/wp-json\/wp\/v2\/tags?post=155901"}],"curies":[{"name":"wp","href":"https:\/\/api.w.org\/{rel}","templated":true}]}}