{"id":155905,"date":"2020-03-01T05:25:46","date_gmt":"2020-03-01T08:25:46","guid":{"rendered":"http:\/\/www.caririemacao.com\/1\/?p=155905"},"modified":"2020-03-01T05:25:48","modified_gmt":"2020-03-01T08:25:48","slug":"flamengo-goleia-na-estreia-taca-rio-gabigol-assume-artilharia","status":"publish","type":"post","link":"https:\/\/www.caririemacao.com\/1\/2020\/03\/01\/flamengo-goleia-na-estreia-taca-rio-gabigol-assume-artilharia\/","title":{"rendered":"Flamengo goleia na estreia Ta\u00e7a Rio; Gabigol assume artilharia"},"content":{"rendered":"\n<p>Vindo de tr\u00eas t\u00edtulos conquistados de maneira sequencial, o Flamengo enfrentou a Cabofriense neste s\u00e1bado (29), estreia dos dois clubes na Ta\u00e7a Rio de 2020. Mesmo com apenas dois jogadores considerados titulares -Gabigol e Willian Ar\u00e3o-, o clube rubro-negro dominou a partida e venceu por 4 a 1, com gols de Michael e Gabigol (tr\u00eas vezes); Gama descontou para o time advers\u00e1rio.<\/p>\n\n\n\n<p>Ap\u00f3s o resultado deste fim de semana, o foco do time comandado pelo t\u00e9cnico Jorge Jesus \u00e9 na estreia da equipe na Copa Libertadores da Am\u00e9rica: quarta-feira (4), diante do Junior Barranquila, da Col\u00f4mbia. O rubro-negro est\u00e1 no Grupo A, ao lado dos colombianos, do Barcelona de Guayaquil e do Independiente del Valle, atual campe\u00e3o da Sul-Americana.<\/p>\n\n\n\n<p>Na pr\u00f3xima rodada da Ta\u00e7a Rio, o Flamengo enfrentar\u00e1 o Botafogo, no s\u00e1bado (7), novamente no est\u00e1dio do Maracan\u00e3, enquanto a Cabofriense enfrentar\u00e1 a Portuguesa, no mesmo dia, desta vez nos seus dom\u00ednios, no Corre\u00e3o.<\/p>\n\n\n\n<p>Um dos grandes nomes do elenco do Flamengo em 2019, Gabigol j\u00e1 come\u00e7ou a temporada fazendo o que mais sabe -gols- e foi o melhor da partida. Depois de um primeiro tempo ap\u00e1tico, o camisa nove do rubro-negro marcou tr\u00eas belos gols na segunda etapa e decretou a goleada do rubro-negro na estreia do time na Ta\u00e7a Rio.<\/p>\n\n\n\n<p>A dupla de zaga do rubro-negro, formada neste s\u00e1bado por Thuler e Dantas, n\u00e3o foi bem na partida, oferecendo muito espa\u00e7o para o ataque da Cabofriense -algo que aconteceu constantemente na primeira etapa. No gol da equipe advers\u00e1ria, Gama conseguiu marcar ap\u00f3s o meio-campo da Cabofriense acertar o passe e deixar o jogador de frente para C\u00e9sar.<\/p>\n\n\n\n<p>\u00danico dos novos refor\u00e7os que ainda n\u00e3o havia estreado, Pedro Rocha iniciou o jogo, mas teve atua\u00e7\u00e3o apagada. O camisa 32 sentiu muito a falta de ritmo, n\u00e3o conseguiu imprimir sua principal caracter\u00edstica, a velocidade, mas deu \u00f3timo passe no lance do primeiro gol do Flamengo. Ele foi substitu\u00eddo por Pedro ainda no in\u00edcio da etapa final.<\/p>\n\n\n\n<p>De olho na visibilidade conferida pelo confronto diante do Flamengo, os jogadores da Cabofriense entraram em campo com uma faixa com os seguintes dizeres:<\/p>\n\n\n\n<p>\u201cLagoa de Araruama: chega de polui\u00e7\u00e3o\u201d. O mesmo protesto havia sido feito antes do jogo contra o Fluminense.<\/p>\n\n\n\n<p>O Flamengo n\u00e3o teve uma atua\u00e7\u00e3o ruim neste s\u00e1bado, por\u00e9m a equipe perdeu muitas chances de estufar as redes do goleiro George. No primeiro tempo, Michael teve ao menos duas oportunidades de colocar o time em vantagem, enquanto Pedro Rocha n\u00e3o conseguiu marcar na sua estreia pelo clube.<\/p>\n\n\n\n<p>A Cabofriense n\u00e3o se encolheu durante os 90 minutos e tentou agredir o rival, que deu espa\u00e7os para a equipe da regi\u00e3o dos Lagos. Com o sistema defensivo do advers\u00e1rio inteiramente formado por reservas, o clube encontrou brechas nas costas da zaga e assustou C\u00e9sar, que fez boa defesa em arremate de Rincon. Desmarcado, Gama ainda conseguiu o gol de empate.<\/p>\n\n\n\n<p>Quando a partida estava empatada em 1 a 1, uma invers\u00e3o de lados fez o Flamengo subir de produ\u00e7\u00e3o no Maracan\u00e3. Apagado pelo lado direito, Vitinho mudou de lado com Michael e ambos melhoraram. O Flamengo passou a ser mais agressivo e levou mais perigo ao time rival. Gabigol recuou um pouco e trabalhou como um articulador, mudan\u00e7a que tamb\u00e9m foi positiva. Foi de Michael a jogada que resultou no segundo gol rubro-negro, marcado pelo camisa 9.<\/p>\n\n\n\n<p>Est\u00e1dio: Maracan\u00e3, no Rio<br>Juiz: Alexandre Vargas Tavares de Jesus<br>Assistentes: Silbert Faria Sisquim e Andr\u00e9a Izaura Maffra Marcelino de S\u00e1<br>P\u00fablico \/ Renda: 28.464 presentes \/ R$ 721.609,50<br>Cart\u00f5es amarelos: Victor Souza e Victor Feitosa (Cabofriense); Ren\u00ea, Thuler e Pedro (Flamengo)<br>Gols: Michael, aos 12min e Gama aos 21min do primeiro tempo; Gabriel Barbosa aos 18min, aos 31 e aos 44 do segundo tempo.<\/p>\n\n\n\n<p>FLAMENGO<br>C\u00e9sar; Jo\u00e3o Lucas (Berr\u00edo), Thuler, Dantas (Thiago Maia) e Ren\u00ea; Willian Ar\u00e3o, Diego e Vitinho; Michael, Pedro Rocha (Pedro) e Gabriel Barbosa. T: Jorge Jesus<\/p>\n\n\n\n<p>CABOFRIENSE<br>George; Victor Souza (Magno), Lucas Cunha, Galdino e Guilherme; Victor Feitosa, Leonardo de Aquino (Marcus \u00cdndio), Gama e Pedrinho (Rafael Pern\u00e3o); Rincon e Felipe Ad\u00e3o.<\/p>\n","protected":false},"excerpt":{"rendered":"<p>Vindo de tr\u00eas t\u00edtulos conquistados de maneira sequencial, o Flamengo enfrentou a Cabofriense neste s\u00e1bado (29), estreia dos dois clubes na Ta\u00e7a Rio de 2020.&hellip; <\/p>\n","protected":false},"author":2,"featured_media":155906,"comment_status":"closed","ping_status":"closed","sticky":false,"template":"","format":"standard","meta":{"sfsi_plus_gutenberg_text_before_share":"","sfsi_plus_gutenberg_show_text_before_share":"","sfsi_plus_gutenberg_icon_type":"","sfsi_plus_gutenberg_icon_alignemt":"","sfsi_plus_gutenburg_max_per_row":"","footnotes":""},"categories":[13],"tags":[],"class_list":["post-155905","post","type-post","status-publish","format-standard","has-post-thumbnail","hentry","category-esportes"],"_links":{"self":[{"href":"https:\/\/www.caririemacao.com\/1\/wp-json\/wp\/v2\/posts\/155905","targetHints":{"allow":["GET"]}}],"collection":[{"href":"https:\/\/www.caririemacao.com\/1\/wp-json\/wp\/v2\/posts"}],"about":[{"href":"https:\/\/www.caririemacao.com\/1\/wp-json\/wp\/v2\/types\/post"}],"author":[{"embeddable":true,"href":"https:\/\/www.caririemacao.com\/1\/wp-json\/wp\/v2\/users\/2"}],"replies":[{"embeddable":true,"href":"https:\/\/www.caririemacao.com\/1\/wp-json\/wp\/v2\/comments?post=155905"}],"version-history":[{"count":1,"href":"https:\/\/www.caririemacao.com\/1\/wp-json\/wp\/v2\/posts\/155905\/revisions"}],"predecessor-version":[{"id":155907,"href":"https:\/\/www.caririemacao.com\/1\/wp-json\/wp\/v2\/posts\/155905\/revisions\/155907"}],"wp:featuredmedia":[{"embeddable":true,"href":"https:\/\/www.caririemacao.com\/1\/wp-json\/wp\/v2\/media\/155906"}],"wp:attachment":[{"href":"https:\/\/www.caririemacao.com\/1\/wp-json\/wp\/v2\/media?parent=155905"}],"wp:term":[{"taxonomy":"category","embeddable":true,"href":"https:\/\/www.caririemacao.com\/1\/wp-json\/wp\/v2\/categories?post=155905"},{"taxonomy":"post_tag","embeddable":true,"href":"https:\/\/www.caririemacao.com\/1\/wp-json\/wp\/v2\/tags?post=155905"}],"curies":[{"name":"wp","href":"https:\/\/api.w.org\/{rel}","templated":true}]}}