{"id":155915,"date":"2020-03-01T05:35:13","date_gmt":"2020-03-01T08:35:13","guid":{"rendered":"http:\/\/www.caririemacao.com\/1\/?p=155915"},"modified":"2020-03-01T05:35:15","modified_gmt":"2020-03-01T08:35:15","slug":"motocicleta-e-furtada-em-frente-a-residencia-em-monteiro","status":"publish","type":"post","link":"https:\/\/www.caririemacao.com\/1\/2020\/03\/01\/motocicleta-e-furtada-em-frente-a-residencia-em-monteiro\/","title":{"rendered":"Motocicleta \u00e9 furtada em frente a resid\u00eancia em Monteiro"},"content":{"rendered":"\n<p>Uma motocicleta que estava estacionada em frente a resid\u00eancia de seu propriet\u00e1rio, localizada por tr\u00e1s do col\u00e9gio Estadual Jo\u00e3o de Oliveira Chaves, foi furtada no in\u00edcio da tarde deste s\u00e1bado (29) em&nbsp;<strong>Monteiro<\/strong>&nbsp;no Cariri Paraibano.<\/p>\n\n\n\n<p>De acordo com relatos da v\u00edtima, sua motocicleta Honda Fan de cor preta, placa&nbsp;<strong>KLF 5730<\/strong>, &nbsp;foi furtada enquanto o mesmo adentrou em sua resid\u00eancia para tomar uma banho, minuto depois quando saiu a moto n\u00e3o estava mais no local.<\/p>\n\n\n\n<p>Qualquer informa\u00e7\u00e3o entrar em contato pelo fone:&nbsp;<a href=\"tel:(83)996042423\">(83) 996042423<\/a>&nbsp;ou comunicar a pol\u00edcia.<\/p>\n\n\n\n<p>FOXPB<\/p>\n","protected":false},"excerpt":{"rendered":"<p>Uma motocicleta que estava estacionada em frente a resid\u00eancia de seu propriet\u00e1rio, localizada por tr\u00e1s do col\u00e9gio Estadual Jo\u00e3o de Oliveira Chaves, foi furtada no&hellip; <\/p>\n","protected":false},"author":2,"featured_media":40263,"comment_status":"closed","ping_status":"closed","sticky":false,"template":"","format":"standard","meta":{"sfsi_plus_gutenberg_text_before_share":"","sfsi_plus_gutenberg_show_text_before_share":"","sfsi_plus_gutenberg_icon_type":"","sfsi_plus_gutenberg_icon_alignemt":"","sfsi_plus_gutenburg_max_per_row":"","footnotes":""},"categories":[12],"tags":[],"class_list":["post-155915","post","type-post","status-publish","format-standard","has-post-thumbnail","hentry","category-policia"],"_links":{"self":[{"href":"https:\/\/www.caririemacao.com\/1\/wp-json\/wp\/v2\/posts\/155915","targetHints":{"allow":["GET"]}}],"collection":[{"href":"https:\/\/www.caririemacao.com\/1\/wp-json\/wp\/v2\/posts"}],"about":[{"href":"https:\/\/www.caririemacao.com\/1\/wp-json\/wp\/v2\/types\/post"}],"author":[{"embeddable":true,"href":"https:\/\/www.caririemacao.com\/1\/wp-json\/wp\/v2\/users\/2"}],"replies":[{"embeddable":true,"href":"https:\/\/www.caririemacao.com\/1\/wp-json\/wp\/v2\/comments?post=155915"}],"version-history":[{"count":1,"href":"https:\/\/www.caririemacao.com\/1\/wp-json\/wp\/v2\/posts\/155915\/revisions"}],"predecessor-version":[{"id":155916,"href":"https:\/\/www.caririemacao.com\/1\/wp-json\/wp\/v2\/posts\/155915\/revisions\/155916"}],"wp:featuredmedia":[{"embeddable":true,"href":"https:\/\/www.caririemacao.com\/1\/wp-json\/wp\/v2\/media\/40263"}],"wp:attachment":[{"href":"https:\/\/www.caririemacao.com\/1\/wp-json\/wp\/v2\/media?parent=155915"}],"wp:term":[{"taxonomy":"category","embeddable":true,"href":"https:\/\/www.caririemacao.com\/1\/wp-json\/wp\/v2\/categories?post=155915"},{"taxonomy":"post_tag","embeddable":true,"href":"https:\/\/www.caririemacao.com\/1\/wp-json\/wp\/v2\/tags?post=155915"}],"curies":[{"name":"wp","href":"https:\/\/api.w.org\/{rel}","templated":true}]}}