{"id":155918,"date":"2020-03-01T05:36:25","date_gmt":"2020-03-01T08:36:25","guid":{"rendered":"http:\/\/www.caririemacao.com\/1\/?p=155918"},"modified":"2020-03-01T05:36:27","modified_gmt":"2020-03-01T08:36:27","slug":"bandeira-tarifaria-segue-verde-em-marco-e-conta-de-energia-nao-tera-cobranca-extra","status":"publish","type":"post","link":"https:\/\/www.caririemacao.com\/1\/2020\/03\/01\/bandeira-tarifaria-segue-verde-em-marco-e-conta-de-energia-nao-tera-cobranca-extra\/","title":{"rendered":"Bandeira tarif\u00e1ria segue verde em mar\u00e7o e conta de energia n\u00e3o ter\u00e1 cobran\u00e7a extra"},"content":{"rendered":"\n<p>A Ag\u00eancia Nacional de Energia El\u00e9trica (Aneel) informou nessa sexta (28) que manter\u00e1 no m\u00eas de mar\u00e7o a bandeira tarif\u00e1ria na cor verde, sem cobran\u00e7a extra na conta do consumidor. A bandeira foi a mesma aplicada em fevereiro.<\/p>\n\n\n\n<p>De acordo com a ag\u00eancia, a decis\u00e3o de manter a bandeira na cor verde se deve a recupera\u00e7\u00e3o nos n\u00edveis dos reservat\u00f3rios em virtude do volume razo\u00e1vel de chuvas no m\u00eas de fevereiro.<\/p>\n\n\n\n<p>\u201cEm fevereiro, os principais reservat\u00f3rios de hidrel\u00e9tricas do Sistema Interligado Nacional (SIN) apresentaram recupera\u00e7\u00e3o de n\u00edveis em raz\u00e3o do volume de chuvas pr\u00f3ximo ao padr\u00e3o hist\u00f3rico do m\u00eas. A previs\u00e3o para mar\u00e7o \u00e9 de manuten\u00e7\u00e3o dessa condi\u00e7\u00e3o hidrol\u00f3gica favor\u00e1vel, o que aponta para um cen\u00e1rio com elevada participa\u00e7\u00e3o das hidrel\u00e9tricas no atendimento \u00e0 demanda de energia do SIN, reduzindo a necessidade de acionamento do parque termel\u00e9trico\u201d, informou a Aneel.<\/p>\n\n\n\n<p>Segundo a ag\u00eancia, o volume de chuvas refletiu-se na redu\u00e7\u00e3o do pre\u00e7o da energia no mercado de curto prazo (PLD) e dos custos relacionados ao risco hidrol\u00f3gico (GSF). O PLD e o GSF s\u00e3o as duas vari\u00e1veis que determinam a cor da bandeira a ser acionada.<\/p>\n\n\n\n<p>Criado pela Aneel , o sistema de bandeiras tarif\u00e1rias sinaliza o custo real da energia gerada, possibilitando aos consumidores o bom uso da energia el\u00e9trica. O funcionamento das bandeiras tarif\u00e1rias tem tr\u00eas cores: verde, amarela ou vermelha (nos patamares 1 e 2), que indicam se a energia custar\u00e1 mais ou menos em fun\u00e7\u00e3o das condi\u00e7\u00f5es de gera\u00e7\u00e3o.<\/p>\n\n\n\n<p>\u201cOs recursos pagos pelos consumidores v\u00e3o para uma conta espec\u00edfica e depois s\u00e3o repassados \u00e0s distribuidoras de energia para compensar o custo extra da produ\u00e7\u00e3o de energia em per\u00edodos de seca, informou a Aneel.<\/p>\n\n\n\n<p>O acr\u00e9scimo cobrado na conta pelo acionamento da bandeira amarela passou \u00e9 de R$ 1,34 a cada 100 kWh consumidos. J\u00e1 a bandeira vermelha patamar 1, o valor a mais cobrado \u00e9 de R$ 4,16 a cada 100 kWh e no patamar 2 da bandeira o valor \u00e9 de R$ 6,24 por 100 kWh consumidos. A bandeira verde n\u00e3o tem cobran\u00e7a extra.<\/p>\n\n\n\n<p><em>Ag\u00eancia Brasil<\/em><\/p>\n","protected":false},"excerpt":{"rendered":"<p>A Ag\u00eancia Nacional de Energia El\u00e9trica (Aneel) informou nessa sexta (28) que manter\u00e1 no m\u00eas de mar\u00e7o a bandeira tarif\u00e1ria na cor verde, sem cobran\u00e7a&hellip; <\/p>\n","protected":false},"author":2,"featured_media":155919,"comment_status":"closed","ping_status":"closed","sticky":false,"template":"","format":"standard","meta":{"sfsi_plus_gutenberg_text_before_share":"","sfsi_plus_gutenberg_show_text_before_share":"","sfsi_plus_gutenberg_icon_type":"","sfsi_plus_gutenberg_icon_alignemt":"","sfsi_plus_gutenburg_max_per_row":"","footnotes":""},"categories":[2],"tags":[],"class_list":["post-155918","post","type-post","status-publish","format-standard","has-post-thumbnail","hentry","category-geral"],"_links":{"self":[{"href":"https:\/\/www.caririemacao.com\/1\/wp-json\/wp\/v2\/posts\/155918","targetHints":{"allow":["GET"]}}],"collection":[{"href":"https:\/\/www.caririemacao.com\/1\/wp-json\/wp\/v2\/posts"}],"about":[{"href":"https:\/\/www.caririemacao.com\/1\/wp-json\/wp\/v2\/types\/post"}],"author":[{"embeddable":true,"href":"https:\/\/www.caririemacao.com\/1\/wp-json\/wp\/v2\/users\/2"}],"replies":[{"embeddable":true,"href":"https:\/\/www.caririemacao.com\/1\/wp-json\/wp\/v2\/comments?post=155918"}],"version-history":[{"count":1,"href":"https:\/\/www.caririemacao.com\/1\/wp-json\/wp\/v2\/posts\/155918\/revisions"}],"predecessor-version":[{"id":155920,"href":"https:\/\/www.caririemacao.com\/1\/wp-json\/wp\/v2\/posts\/155918\/revisions\/155920"}],"wp:featuredmedia":[{"embeddable":true,"href":"https:\/\/www.caririemacao.com\/1\/wp-json\/wp\/v2\/media\/155919"}],"wp:attachment":[{"href":"https:\/\/www.caririemacao.com\/1\/wp-json\/wp\/v2\/media?parent=155918"}],"wp:term":[{"taxonomy":"category","embeddable":true,"href":"https:\/\/www.caririemacao.com\/1\/wp-json\/wp\/v2\/categories?post=155918"},{"taxonomy":"post_tag","embeddable":true,"href":"https:\/\/www.caririemacao.com\/1\/wp-json\/wp\/v2\/tags?post=155918"}],"curies":[{"name":"wp","href":"https:\/\/api.w.org\/{rel}","templated":true}]}}