{"id":155928,"date":"2020-03-02T06:03:42","date_gmt":"2020-03-02T09:03:42","guid":{"rendered":"http:\/\/www.caririemacao.com\/1\/?p=155928"},"modified":"2020-03-02T06:03:44","modified_gmt":"2020-03-02T09:03:44","slug":"chove-forte-na-regiao-do-cariri-e-rio-taperoa-amanhece-com-enchente","status":"publish","type":"post","link":"https:\/\/www.caririemacao.com\/1\/2020\/03\/02\/chove-forte-na-regiao-do-cariri-e-rio-taperoa-amanhece-com-enchente\/","title":{"rendered":"Chove forte na regi\u00e3o do Cariri e Rio Tapero\u00e1 amanhece com enchente"},"content":{"rendered":"\n<p>Choveu forte em quase toda regi\u00e3o do Cariri paraibano entre a tarde deste s\u00e1bado (29) e a madrugada deste domingo (01). Em S\u00e3o Jo\u00e3o do Cariri, os \u00edndices pluviom\u00e9tricos chegaram a 140 mil\u00edmetros, sendo uma das maiores chuvas j\u00e1 registradas esse ano no munic\u00edpio.<\/p>\n\n\n\n<p>V\u00e1rias cidades e localidades da regi\u00e3o registraram chuvas intensas com grande dura\u00e7\u00e3o e em sua maioria, sendo suficientes para armazenarem uma expressiva quantidade de \u00e1gua em seus reservat\u00f3rios.<\/p>\n\n\n\n<p>As cidades de S\u00e3o Jo\u00e3o do Cariri, Gurj\u00e3o, Sum\u00e9, Cabaceiras, S\u00e3o Domingos do Cariri, Tapero\u00e1 e Soledade registraram grandes \u00edndices pluviom\u00e9tricos.<\/p>\n\n\n\n<div class=\"wp-block-image\"><figure class=\"aligncenter\"><img decoding=\"async\" data-src=\"http:\/\/deolhonocariri.com.br\/wp-content\/uploads\/2020\/03\/85209220_2781543711952499_8513661740964118528_n-1.jpg\" alt=\"\" class=\"wp-image-78590 lazyload\" src=\"data:image\/svg+xml;base64,PHN2ZyB3aWR0aD0iMSIgaGVpZ2h0PSIxIiB4bWxucz0iaHR0cDovL3d3dy53My5vcmcvMjAwMC9zdmciPjwvc3ZnPg==\" \/><\/figure><\/div>\n\n\n\n<p>O Rio Tapero\u00e1 amanheceu neste domingo com uma forte enchente. Em S\u00e3o Jo\u00e3o do Cariri, populares registraram a enchente com fotos e videos que rapidamente viralizaram nas redes sociais. As \u00e1guas seguem para o a\u00e7ude Epit\u00e1cio Pessoa, em Boqueir\u00e3o, respons\u00e1vel por abastecer Campina Grande e mais 18 munic\u00edpios da Para\u00edba.<\/p>\n\n\n\n<p>O a\u00e7ude de Sum\u00e9 tamb\u00e9m recebeu uma consider\u00e1vel recarga de \u00e1gua, subindo 20 cm em sua l\u00e2mina d\u00b4\u00e1gua.<\/p>\n\n\n\n<p><strong>De Olho no Cariri<\/strong><\/p>\n","protected":false},"excerpt":{"rendered":"<p>Choveu forte em quase toda regi\u00e3o do Cariri paraibano entre a tarde deste s\u00e1bado (29) e a madrugada deste domingo (01). Em S\u00e3o Jo\u00e3o do&hellip; <\/p>\n","protected":false},"author":2,"featured_media":155929,"comment_status":"closed","ping_status":"closed","sticky":false,"template":"","format":"standard","meta":{"sfsi_plus_gutenberg_text_before_share":"","sfsi_plus_gutenberg_show_text_before_share":"","sfsi_plus_gutenberg_icon_type":"","sfsi_plus_gutenberg_icon_alignemt":"","sfsi_plus_gutenburg_max_per_row":"","footnotes":""},"categories":[6],"tags":[],"class_list":["post-155928","post","type-post","status-publish","format-standard","has-post-thumbnail","hentry","category-cidades"],"_links":{"self":[{"href":"https:\/\/www.caririemacao.com\/1\/wp-json\/wp\/v2\/posts\/155928","targetHints":{"allow":["GET"]}}],"collection":[{"href":"https:\/\/www.caririemacao.com\/1\/wp-json\/wp\/v2\/posts"}],"about":[{"href":"https:\/\/www.caririemacao.com\/1\/wp-json\/wp\/v2\/types\/post"}],"author":[{"embeddable":true,"href":"https:\/\/www.caririemacao.com\/1\/wp-json\/wp\/v2\/users\/2"}],"replies":[{"embeddable":true,"href":"https:\/\/www.caririemacao.com\/1\/wp-json\/wp\/v2\/comments?post=155928"}],"version-history":[{"count":1,"href":"https:\/\/www.caririemacao.com\/1\/wp-json\/wp\/v2\/posts\/155928\/revisions"}],"predecessor-version":[{"id":155930,"href":"https:\/\/www.caririemacao.com\/1\/wp-json\/wp\/v2\/posts\/155928\/revisions\/155930"}],"wp:featuredmedia":[{"embeddable":true,"href":"https:\/\/www.caririemacao.com\/1\/wp-json\/wp\/v2\/media\/155929"}],"wp:attachment":[{"href":"https:\/\/www.caririemacao.com\/1\/wp-json\/wp\/v2\/media?parent=155928"}],"wp:term":[{"taxonomy":"category","embeddable":true,"href":"https:\/\/www.caririemacao.com\/1\/wp-json\/wp\/v2\/categories?post=155928"},{"taxonomy":"post_tag","embeddable":true,"href":"https:\/\/www.caririemacao.com\/1\/wp-json\/wp\/v2\/tags?post=155928"}],"curies":[{"name":"wp","href":"https:\/\/api.w.org\/{rel}","templated":true}]}}