{"id":155932,"date":"2020-03-02T06:05:34","date_gmt":"2020-03-02T09:05:34","guid":{"rendered":"http:\/\/www.caririemacao.com\/1\/?p=155932"},"modified":"2020-03-02T06:05:36","modified_gmt":"2020-03-02T09:05:36","slug":"bolsonaro-e-aplaudido-e-vaiado-em-frente-ao-congresso-do-uruguai","status":"publish","type":"post","link":"https:\/\/www.caririemacao.com\/1\/2020\/03\/02\/bolsonaro-e-aplaudido-e-vaiado-em-frente-ao-congresso-do-uruguai\/","title":{"rendered":"Bolsonaro \u00e9 aplaudido e vaiado em frente ao Congresso do Uruguai"},"content":{"rendered":"\n<p>O presidente Jair Bolsonaro foi o \u00faltimo dos chefes de Estado a sair do Pal\u00e1cio Legislativo de Montevid\u00e9u, ap\u00f3s a posse do novo presidente uruguaio, Luis Lacalle Pou, neste domingo (1\u00ba).<\/p>\n\n\n\n<p>Diferentemente dos outros, que entraram diretamente nos seus ve\u00edculos, Bolsonaro acenou para o p\u00fablico do lado de fora, que estava isolado por barras de metal. Ele foi aplaudido por muitos e vaiado por alguns.<\/p>\n\n\n\n<p>A cerim\u00f4nia de posse de Lacalle Pou teve a presen\u00e7a de congressistas, ministros e outros chefes de Estado -o rei Felipe da Espanha, Mario Abdo Ben\u00edtez (Paraguai) e Sebasti\u00e1n Pi\u00f1era (Chile)-, al\u00e9m da mulher, dos filhos e do pai de Lacalle Pou, o ex-presidente Luis Alberto Lacalle.<\/p>\n\n\n\n<p>Em seu discurso, o novo chefe de Estado uruguaio elogiou o fato de que desde a redemocratiza\u00e7\u00e3o do pa\u00eds, em 1985, \u201ctodos os presidentes terminaram seus mandatos e transmitiram o poder de modo democr\u00e1tico\u201d.<\/p>\n\n\n\n<p>Lacalle Pou, 46, do tradicional Partido Nacional, disse n\u00e3o querer que sua posse seja lembrada pela \u201ctroca de uma metade pela outra da sociedade\u201d, em alus\u00e3o ao fato de a Frente Ampla passar para a oposi\u00e7\u00e3o pela primeira vez em 15 anos.<\/p>\n\n\n\n<p>Ap\u00f3s discursar aos legisladores, Lacalle Pou se dirigiu \u00e0 Pra\u00e7a Independ\u00eancia em um Ford V8 de 1937, que pertencia ao seu bisav\u00f4 Luis Alberto de Herrera, um l\u00edder hist\u00f3rico do Partido Nacional.<\/p>\n","protected":false},"excerpt":{"rendered":"<p>O presidente Jair Bolsonaro foi o \u00faltimo dos chefes de Estado a sair do Pal\u00e1cio Legislativo de Montevid\u00e9u, ap\u00f3s a posse do novo presidente uruguaio,&hellip; <\/p>\n","protected":false},"author":2,"featured_media":155933,"comment_status":"closed","ping_status":"closed","sticky":false,"template":"","format":"standard","meta":{"sfsi_plus_gutenberg_text_before_share":"","sfsi_plus_gutenberg_show_text_before_share":"","sfsi_plus_gutenberg_icon_type":"","sfsi_plus_gutenberg_icon_alignemt":"","sfsi_plus_gutenburg_max_per_row":"","footnotes":""},"categories":[11],"tags":[],"class_list":["post-155932","post","type-post","status-publish","format-standard","has-post-thumbnail","hentry","category-politica"],"_links":{"self":[{"href":"https:\/\/www.caririemacao.com\/1\/wp-json\/wp\/v2\/posts\/155932","targetHints":{"allow":["GET"]}}],"collection":[{"href":"https:\/\/www.caririemacao.com\/1\/wp-json\/wp\/v2\/posts"}],"about":[{"href":"https:\/\/www.caririemacao.com\/1\/wp-json\/wp\/v2\/types\/post"}],"author":[{"embeddable":true,"href":"https:\/\/www.caririemacao.com\/1\/wp-json\/wp\/v2\/users\/2"}],"replies":[{"embeddable":true,"href":"https:\/\/www.caririemacao.com\/1\/wp-json\/wp\/v2\/comments?post=155932"}],"version-history":[{"count":1,"href":"https:\/\/www.caririemacao.com\/1\/wp-json\/wp\/v2\/posts\/155932\/revisions"}],"predecessor-version":[{"id":155934,"href":"https:\/\/www.caririemacao.com\/1\/wp-json\/wp\/v2\/posts\/155932\/revisions\/155934"}],"wp:featuredmedia":[{"embeddable":true,"href":"https:\/\/www.caririemacao.com\/1\/wp-json\/wp\/v2\/media\/155933"}],"wp:attachment":[{"href":"https:\/\/www.caririemacao.com\/1\/wp-json\/wp\/v2\/media?parent=155932"}],"wp:term":[{"taxonomy":"category","embeddable":true,"href":"https:\/\/www.caririemacao.com\/1\/wp-json\/wp\/v2\/categories?post=155932"},{"taxonomy":"post_tag","embeddable":true,"href":"https:\/\/www.caririemacao.com\/1\/wp-json\/wp\/v2\/tags?post=155932"}],"curies":[{"name":"wp","href":"https:\/\/api.w.org\/{rel}","templated":true}]}}