{"id":155942,"date":"2020-03-02T06:10:58","date_gmt":"2020-03-02T09:10:58","guid":{"rendered":"http:\/\/www.caririemacao.com\/1\/?p=155942"},"modified":"2020-03-02T06:11:00","modified_gmt":"2020-03-02T09:11:00","slug":"gleisi-posta-video-de-confusao-com-bolsonaristas-respondi-as-agressoes","status":"publish","type":"post","link":"https:\/\/www.caririemacao.com\/1\/2020\/03\/02\/gleisi-posta-video-de-confusao-com-bolsonaristas-respondi-as-agressoes\/","title":{"rendered":"Gleisi posta v\u00eddeo de confus\u00e3o com bolsonaristas: \u2018Respondi \u00e0s agress\u00f5es\u2019"},"content":{"rendered":"\n<p>Presidente nacional do PT, a deputada federal Gleisi Hoffmann se envolveu em um bate-boca com um grupo de apoiadores do presidente Jair Bolsonaro, no s\u00e1bado, 29. Em suas redes sociais, a parlamentar divulgou um v\u00eddeo que mostra parte da confus\u00e3o. O epis\u00f3dio se deu quando ela sa\u00eda de um hotel no Rio de Janeiro.<\/p>\n\n\n\n<p>No v\u00eddeo de sete segundos, \u00e9 poss\u00edvel ouvir os manifestantes gritando \u201cVai para Cuba\u201d para a parlamentar, que estava acompanhada de sua filha de 14 anos. Em resposta, a petista respondeu: \u201cE voc\u00ea vai para o inferno!\u201d.<\/p>\n\n\n\n<p>Nas redes sociais, Gleisi escreveu que se tratou de \u201cuma provoca\u00e7\u00e3o armada previamente\u201d e que as ofensas se estenderam ao ex-senador Lindbergh Farias. \u201cPessoas que estavam no local reagiram e tamb\u00e9m enfrentaram os fascistas. Os agressores tentaram usar cadeiras e objetos para atingir quem nos defendia, e foram revidados. Instalaram um tumulto que foi contido pelos funcion\u00e1rios do hotel e seguimos para o aeroporto\u201d, relatou.<\/p>\n\n\n\n<p>A deputada escreveu ainda que \u201cpol\u00edtica pra mim \u00e9 confronto de ideias, n\u00e3o f\u00edsico, como pretendem eles\u201d. \u201cRespondi \u00e0s agress\u00f5es porque n\u00e3o aceito e n\u00e3o podemos aceitar esse m\u00e9todo fascista de intimida\u00e7\u00e3o, pregado e estimulado pelos Bolsonaro.\u201d<\/p>\n","protected":false},"excerpt":{"rendered":"<p>Presidente nacional do PT, a deputada federal Gleisi Hoffmann se envolveu em um bate-boca com um grupo de apoiadores do presidente Jair Bolsonaro, no s\u00e1bado,&hellip; <\/p>\n","protected":false},"author":2,"featured_media":155943,"comment_status":"closed","ping_status":"closed","sticky":false,"template":"","format":"standard","meta":{"sfsi_plus_gutenberg_text_before_share":"","sfsi_plus_gutenberg_show_text_before_share":"","sfsi_plus_gutenberg_icon_type":"","sfsi_plus_gutenberg_icon_alignemt":"","sfsi_plus_gutenburg_max_per_row":"","footnotes":""},"categories":[11],"tags":[],"class_list":["post-155942","post","type-post","status-publish","format-standard","has-post-thumbnail","hentry","category-politica"],"_links":{"self":[{"href":"https:\/\/www.caririemacao.com\/1\/wp-json\/wp\/v2\/posts\/155942","targetHints":{"allow":["GET"]}}],"collection":[{"href":"https:\/\/www.caririemacao.com\/1\/wp-json\/wp\/v2\/posts"}],"about":[{"href":"https:\/\/www.caririemacao.com\/1\/wp-json\/wp\/v2\/types\/post"}],"author":[{"embeddable":true,"href":"https:\/\/www.caririemacao.com\/1\/wp-json\/wp\/v2\/users\/2"}],"replies":[{"embeddable":true,"href":"https:\/\/www.caririemacao.com\/1\/wp-json\/wp\/v2\/comments?post=155942"}],"version-history":[{"count":1,"href":"https:\/\/www.caririemacao.com\/1\/wp-json\/wp\/v2\/posts\/155942\/revisions"}],"predecessor-version":[{"id":155944,"href":"https:\/\/www.caririemacao.com\/1\/wp-json\/wp\/v2\/posts\/155942\/revisions\/155944"}],"wp:featuredmedia":[{"embeddable":true,"href":"https:\/\/www.caririemacao.com\/1\/wp-json\/wp\/v2\/media\/155943"}],"wp:attachment":[{"href":"https:\/\/www.caririemacao.com\/1\/wp-json\/wp\/v2\/media?parent=155942"}],"wp:term":[{"taxonomy":"category","embeddable":true,"href":"https:\/\/www.caririemacao.com\/1\/wp-json\/wp\/v2\/categories?post=155942"},{"taxonomy":"post_tag","embeddable":true,"href":"https:\/\/www.caririemacao.com\/1\/wp-json\/wp\/v2\/tags?post=155942"}],"curies":[{"name":"wp","href":"https:\/\/api.w.org\/{rel}","templated":true}]}}