{"id":155946,"date":"2020-03-02T06:12:42","date_gmt":"2020-03-02T09:12:42","guid":{"rendered":"http:\/\/www.caririemacao.com\/1\/?p=155946"},"modified":"2020-03-02T06:12:43","modified_gmt":"2020-03-02T09:12:43","slug":"crianca-de-10-anos-tenta-matar-a-propria-mae-com-uma-rocadeira","status":"publish","type":"post","link":"https:\/\/www.caririemacao.com\/1\/2020\/03\/02\/crianca-de-10-anos-tenta-matar-a-propria-mae-com-uma-rocadeira\/","title":{"rendered":"Crian\u00e7a de 10 anos tenta matar a pr\u00f3pria m\u00e3e com uma ro\u00e7adeira"},"content":{"rendered":"\n<p>Uma crian\u00e7a de apenas 10 anos de idade tentou matar a pr\u00f3pria m\u00e3e com uma ro\u00e7adeira, por volta das 18h, da sexta-feira (28), na cidade de Bom Jesus, no Sert\u00e3o da Para\u00edba.<\/p>\n\n\n\n<p>De acordo com informa\u00e7\u00f5es da Pol\u00edcia Militar, quando a guarni\u00e7\u00e3o chegou ao local encontrou a crian\u00e7a com uma ro\u00e7adeira na m\u00e3o. Ela estava transtornada e precisou ser contida pelos policiais.<\/p>\n\n\n\n<p>Na presen\u00e7a do Conselho Tutelar, a crian\u00e7a foi levada por uma ambul\u00e2ncia do Servi\u00e7o de Atendimento M\u00f3vel de Urg\u00eancia \u2013 SAMU para o hospital local, onde foi medicada.<\/p>\n","protected":false},"excerpt":{"rendered":"<p>Uma crian\u00e7a de apenas 10 anos de idade tentou matar a pr\u00f3pria m\u00e3e com uma ro\u00e7adeira, por volta das 18h, da sexta-feira (28), na cidade&hellip; <\/p>\n","protected":false},"author":2,"featured_media":153692,"comment_status":"closed","ping_status":"closed","sticky":false,"template":"","format":"standard","meta":{"sfsi_plus_gutenberg_text_before_share":"","sfsi_plus_gutenberg_show_text_before_share":"","sfsi_plus_gutenberg_icon_type":"","sfsi_plus_gutenberg_icon_alignemt":"","sfsi_plus_gutenburg_max_per_row":"","footnotes":""},"categories":[12],"tags":[],"class_list":["post-155946","post","type-post","status-publish","format-standard","has-post-thumbnail","hentry","category-policia"],"_links":{"self":[{"href":"https:\/\/www.caririemacao.com\/1\/wp-json\/wp\/v2\/posts\/155946","targetHints":{"allow":["GET"]}}],"collection":[{"href":"https:\/\/www.caririemacao.com\/1\/wp-json\/wp\/v2\/posts"}],"about":[{"href":"https:\/\/www.caririemacao.com\/1\/wp-json\/wp\/v2\/types\/post"}],"author":[{"embeddable":true,"href":"https:\/\/www.caririemacao.com\/1\/wp-json\/wp\/v2\/users\/2"}],"replies":[{"embeddable":true,"href":"https:\/\/www.caririemacao.com\/1\/wp-json\/wp\/v2\/comments?post=155946"}],"version-history":[{"count":1,"href":"https:\/\/www.caririemacao.com\/1\/wp-json\/wp\/v2\/posts\/155946\/revisions"}],"predecessor-version":[{"id":155947,"href":"https:\/\/www.caririemacao.com\/1\/wp-json\/wp\/v2\/posts\/155946\/revisions\/155947"}],"wp:featuredmedia":[{"embeddable":true,"href":"https:\/\/www.caririemacao.com\/1\/wp-json\/wp\/v2\/media\/153692"}],"wp:attachment":[{"href":"https:\/\/www.caririemacao.com\/1\/wp-json\/wp\/v2\/media?parent=155946"}],"wp:term":[{"taxonomy":"category","embeddable":true,"href":"https:\/\/www.caririemacao.com\/1\/wp-json\/wp\/v2\/categories?post=155946"},{"taxonomy":"post_tag","embeddable":true,"href":"https:\/\/www.caririemacao.com\/1\/wp-json\/wp\/v2\/tags?post=155946"}],"curies":[{"name":"wp","href":"https:\/\/api.w.org\/{rel}","templated":true}]}}