{"id":155957,"date":"2020-03-02T06:25:36","date_gmt":"2020-03-02T09:25:36","guid":{"rendered":"http:\/\/www.caririemacao.com\/1\/?p=155957"},"modified":"2020-03-02T06:25:39","modified_gmt":"2020-03-02T09:25:39","slug":"brasil-monitora-207-pacientes-com-suspeita-de-coronavirus","status":"publish","type":"post","link":"https:\/\/www.caririemacao.com\/1\/2020\/03\/02\/brasil-monitora-207-pacientes-com-suspeita-de-coronavirus\/","title":{"rendered":"Brasil monitora 207 pacientes com suspeita de coronav\u00edrus"},"content":{"rendered":"\n<p>O Minist\u00e9rio da Sa\u00fade monitora 207 pacientes com suspeita de infe\u00e7\u00e3o pelo novo coronav\u00edrus. Outros 79 casos foram descartados.<\/p>\n\n\n\n<p>De acordo com o minist\u00e9rio, a base de dados foi atualizada apenas com informa\u00e7\u00f5es repassadas pelo Estado de S\u00e3o Paulo, ap\u00f3s a confirma\u00e7\u00e3o do segundo caso da doen\u00e7a no Brasil, neste s\u00e1bado (29).<\/p>\n\n\n\n<p>Os dois casos confirmados t\u00eam como local de infec\u00e7\u00e3o a It\u00e1lia. Ambos s\u00e3o brasileiros e moram no estado de S\u00e3o Paulo. Os casos n\u00e3o possuem v\u00ednculo entre si e foram identificados em unidade de sa\u00fade privada, conforme informou o minist\u00e9rio.<\/p>\n\n\n\n<p>Nesta segunda-feira (2) os dados voltam a ser atualizados diariamente, \u00e0s 16h, na plataforma IVIS (plataforma.saude.gov.br\/coronavirus) do Minist\u00e9rio da Sa\u00fade.<\/p>\n\n\n\n<p>A partir desta segunda-feira, o Minist\u00e9rio da Sa\u00fade tamb\u00e9m inicia um novo fluxo e adotar\u00e1 integralmente os dados repassados pelos gestores locais. Antes, cada notifica\u00e7\u00e3o era reanalisada pela equipe da pasta. A a\u00e7\u00e3o de descentraliza\u00e7\u00e3o da consolida\u00e7\u00e3o dos casos busca dar agilidade de resposta \u00e0 doen\u00e7a. Os ajustes do novo fluxo est\u00e3o sendo realizados neste fim de semana.<\/p>\n\n\n\n<p>Para evitar a prolifera\u00e7\u00e3o do v\u00edrus, o Minist\u00e9rio da Sa\u00fade recomenda medidas b\u00e1sicas de higiene, como lavar as m\u00e3os com \u00e1gua e sab\u00e3o, utilizar len\u00e7o descart\u00e1vel para higiene nasal, cobrir o nariz e a boca com um len\u00e7o de papel quando espirrar ou tossir e jog\u00e1-lo no lixo. Evitar tocar olhos, nariz e boca sem que as m\u00e3os estejam limpas.<\/p>\n\n\n\n<p><strong>Aplicativo<\/strong><br><\/p>\n\n\n\n<p>O Minist\u00e9rio da Sa\u00fade lan\u00e7ou o aplicativo Coronav\u00edrus-SUS com o objetivo de conscientizar a popula\u00e7\u00e3o sobre o Covid-19, doen\u00e7a causada pelo v\u00edrus.&nbsp;<\/p>\n\n\n\n<p>O recurso conta com informativos de diversos t\u00f3picos como os sintomas, como se prevenir, o que fazer em caso de suspeita de infec\u00e7\u00e3o e mapa indicando unidades de sa\u00fade pr\u00f3ximas. O aplicativo est\u00e1 dispon\u00edvel para dispositivos Android e IOs.<\/p>\n","protected":false},"excerpt":{"rendered":"<p>O Minist\u00e9rio da Sa\u00fade monitora 207 pacientes com suspeita de infe\u00e7\u00e3o pelo novo coronav\u00edrus. Outros 79 casos foram descartados. De acordo com o minist\u00e9rio, a&hellip; <\/p>\n","protected":false},"author":2,"featured_media":155958,"comment_status":"closed","ping_status":"closed","sticky":false,"template":"","format":"standard","meta":{"sfsi_plus_gutenberg_text_before_share":"","sfsi_plus_gutenberg_show_text_before_share":"","sfsi_plus_gutenberg_icon_type":"","sfsi_plus_gutenberg_icon_alignemt":"","sfsi_plus_gutenburg_max_per_row":"","footnotes":""},"categories":[2],"tags":[],"class_list":["post-155957","post","type-post","status-publish","format-standard","has-post-thumbnail","hentry","category-geral"],"_links":{"self":[{"href":"https:\/\/www.caririemacao.com\/1\/wp-json\/wp\/v2\/posts\/155957","targetHints":{"allow":["GET"]}}],"collection":[{"href":"https:\/\/www.caririemacao.com\/1\/wp-json\/wp\/v2\/posts"}],"about":[{"href":"https:\/\/www.caririemacao.com\/1\/wp-json\/wp\/v2\/types\/post"}],"author":[{"embeddable":true,"href":"https:\/\/www.caririemacao.com\/1\/wp-json\/wp\/v2\/users\/2"}],"replies":[{"embeddable":true,"href":"https:\/\/www.caririemacao.com\/1\/wp-json\/wp\/v2\/comments?post=155957"}],"version-history":[{"count":1,"href":"https:\/\/www.caririemacao.com\/1\/wp-json\/wp\/v2\/posts\/155957\/revisions"}],"predecessor-version":[{"id":155959,"href":"https:\/\/www.caririemacao.com\/1\/wp-json\/wp\/v2\/posts\/155957\/revisions\/155959"}],"wp:featuredmedia":[{"embeddable":true,"href":"https:\/\/www.caririemacao.com\/1\/wp-json\/wp\/v2\/media\/155958"}],"wp:attachment":[{"href":"https:\/\/www.caririemacao.com\/1\/wp-json\/wp\/v2\/media?parent=155957"}],"wp:term":[{"taxonomy":"category","embeddable":true,"href":"https:\/\/www.caririemacao.com\/1\/wp-json\/wp\/v2\/categories?post=155957"},{"taxonomy":"post_tag","embeddable":true,"href":"https:\/\/www.caririemacao.com\/1\/wp-json\/wp\/v2\/tags?post=155957"}],"curies":[{"name":"wp","href":"https:\/\/api.w.org\/{rel}","templated":true}]}}