{"id":155961,"date":"2020-03-02T06:27:04","date_gmt":"2020-03-02T09:27:04","guid":{"rendered":"http:\/\/www.caririemacao.com\/1\/?p=155961"},"modified":"2020-03-02T06:27:05","modified_gmt":"2020-03-02T09:27:05","slug":"cidadania-tera-primeiro-encontro-sobre-eleicoes-municipais-nesta-segunda-feira","status":"publish","type":"post","link":"https:\/\/www.caririemacao.com\/1\/2020\/03\/02\/cidadania-tera-primeiro-encontro-sobre-eleicoes-municipais-nesta-segunda-feira\/","title":{"rendered":"Cidadania ter\u00e1 primeiro encontro sobre elei\u00e7\u00f5es municipais nesta segunda-feira"},"content":{"rendered":"\n<p>O vereador Bruno Farias, presidente do diret\u00f3rio municipal do \u201cCidadania\u201d em Jo\u00e3o Pessoa, informou que o partido realiza, nesta segunda-feira (2), o primeiro encontro sobre as elei\u00e7\u00f5es municipais de outubro. A reuni\u00e3o ser\u00e1 \u00e0s 18h no Sindicato dos Trabalhadores em Telecomunica\u00e7\u00f5es do Estado da Para\u00edba.<\/p>\n\n\n\n<p>A presen\u00e7a de representantes de diversos segmentos sociais, al\u00e9m dos militantes j\u00e1 filiados ao partido \u00e9 esperada, mas a expectativa maior \u00e9 pela presen\u00e7a do governador Jo\u00e3o Azev\u00eado, que&nbsp;<a href=\"https:\/\/www.clickpb.com.br\/politica\/joao-azevedo-anuncia-filiacao-ao-cidadania-277015.html\">anunciou sua filia\u00e7\u00e3o \u00e0 sigla<\/a>&nbsp;no \u00faltimo dia 31 de janeiro.<\/p>\n\n\n\n<p>Os dirigentes do partido esperam que, com a abertura da janela partid\u00e1ria na pr\u00f3xima quinta-feira (5), o n\u00famero de filiados com mandato aumente. A defini\u00e7\u00e3o do nome de um candidato pr\u00f3prio a prefeitura de Jo\u00e3o Pessoa, por\u00e9m, ainda \u00e9 um mist\u00e9rio na legenda.<\/p>\n\n\n\n<p>Pelos c\u00e1lculos de Bruno Farias, o Cidadania dever\u00e1 receber pelo menos 29 nomes que eram do PSB e que acompanhar\u00e3o o governador Jo\u00e3o Azev\u00eado. Somados a 13 filiados com que a legenda j\u00e1 conta, o Cidadania poder\u00e1 apresentar 42 pr\u00e9-candidatos a vereador no pr\u00f3ximo pleito. A meta \u00e9 a elei\u00e7\u00e3o de, no m\u00ednimo, 20 parlamentares, o que daria \u00e0 legenda a maior bancada da C\u00e2mara Municipal.<\/p>\n","protected":false},"excerpt":{"rendered":"<p>O vereador Bruno Farias, presidente do diret\u00f3rio municipal do \u201cCidadania\u201d em Jo\u00e3o Pessoa, informou que o partido realiza, nesta segunda-feira (2), o primeiro encontro sobre&hellip; <\/p>\n","protected":false},"author":2,"featured_media":155962,"comment_status":"closed","ping_status":"closed","sticky":false,"template":"","format":"standard","meta":{"sfsi_plus_gutenberg_text_before_share":"","sfsi_plus_gutenberg_show_text_before_share":"","sfsi_plus_gutenberg_icon_type":"","sfsi_plus_gutenberg_icon_alignemt":"","sfsi_plus_gutenburg_max_per_row":"","footnotes":""},"categories":[2],"tags":[],"class_list":["post-155961","post","type-post","status-publish","format-standard","has-post-thumbnail","hentry","category-geral"],"_links":{"self":[{"href":"https:\/\/www.caririemacao.com\/1\/wp-json\/wp\/v2\/posts\/155961","targetHints":{"allow":["GET"]}}],"collection":[{"href":"https:\/\/www.caririemacao.com\/1\/wp-json\/wp\/v2\/posts"}],"about":[{"href":"https:\/\/www.caririemacao.com\/1\/wp-json\/wp\/v2\/types\/post"}],"author":[{"embeddable":true,"href":"https:\/\/www.caririemacao.com\/1\/wp-json\/wp\/v2\/users\/2"}],"replies":[{"embeddable":true,"href":"https:\/\/www.caririemacao.com\/1\/wp-json\/wp\/v2\/comments?post=155961"}],"version-history":[{"count":1,"href":"https:\/\/www.caririemacao.com\/1\/wp-json\/wp\/v2\/posts\/155961\/revisions"}],"predecessor-version":[{"id":155963,"href":"https:\/\/www.caririemacao.com\/1\/wp-json\/wp\/v2\/posts\/155961\/revisions\/155963"}],"wp:featuredmedia":[{"embeddable":true,"href":"https:\/\/www.caririemacao.com\/1\/wp-json\/wp\/v2\/media\/155962"}],"wp:attachment":[{"href":"https:\/\/www.caririemacao.com\/1\/wp-json\/wp\/v2\/media?parent=155961"}],"wp:term":[{"taxonomy":"category","embeddable":true,"href":"https:\/\/www.caririemacao.com\/1\/wp-json\/wp\/v2\/categories?post=155961"},{"taxonomy":"post_tag","embeddable":true,"href":"https:\/\/www.caririemacao.com\/1\/wp-json\/wp\/v2\/tags?post=155961"}],"curies":[{"name":"wp","href":"https:\/\/api.w.org\/{rel}","templated":true}]}}