{"id":155967,"date":"2020-03-02T06:31:58","date_gmt":"2020-03-02T09:31:58","guid":{"rendered":"http:\/\/www.caririemacao.com\/1\/?p=155967"},"modified":"2020-03-02T06:32:00","modified_gmt":"2020-03-02T09:32:00","slug":"coronavirus-ja-matou-mais-de-3-mil-pessoas-e-infectou-87-mil-no-mundo-todo","status":"publish","type":"post","link":"https:\/\/www.caririemacao.com\/1\/2020\/03\/02\/coronavirus-ja-matou-mais-de-3-mil-pessoas-e-infectou-87-mil-no-mundo-todo\/","title":{"rendered":"Coronav\u00edrus j\u00e1 matou mais de 3 mil pessoas e infectou 87 mil no mundo todo"},"content":{"rendered":"\n<p>Casos de infec\u00e7\u00e3o voltam a crescer na China. Epidemia j\u00e1 deixou quase 3.000 mortos e infectou mais de 87 mil pessoas em 65 pa\u00edses.Os EUA, a Austr\u00e1lia e a Tail\u00e2ndia registraram suas primeiras mortes por coronav\u00edrus entre s\u00e1bado e domingo (01\/03). Paralelamente, a China, primeiro pa\u00eds a registrar doen\u00e7a, anunciou 573 novos casos de contamina\u00e7\u00e3o, o n\u00famero mais alto em uma semana.<\/p>\n\n\n\n<p>A epidemia est\u00e1 se aproximando dos 3.000 mortos e de mais de 87.000 casos de cont\u00e1gio em 65 pa\u00edses \u2014 incluindo quase 80.000 casos e 2.870 mortes na China, onde a atividade econ\u00f4mica est\u00e1 em grande parte paralisada desde o final de janeiro em raz\u00e3o das medidas para conter o cont\u00e1gio.<\/p>\n\n\n\n<p>No s\u00e1bado, autoridades americanas informaram que um homem de 50 anos no estado de Washington havia morrido, depois de ser testado para a doen\u00e7a na quinta-feira. As autoridades disseram que n\u00e3o sabem como ele contraiu o v\u00edrus. O homem n\u00e3o tinha hist\u00f3rico de viagens para as \u00e1reas afetadas ou contato com casos conhecidos do Covid-19.<\/p>\n\n\n\n<p>Al\u00e9m dessa primeira morte, 21 casos foram registrados nos Estados Unidos, aos quais se somam 47 pacientes repatriados para o pa\u00eds. V\u00e1rios pacientes diagnosticados nos \u00faltimos dias n\u00e3o tinham liga\u00e7\u00e3o conhecida com um surto, sugerindo que a doen\u00e7a est\u00e1 se espalhando em solo americano. Diante disso, o governo anunciou uma expans\u00e3o nas restri\u00e7\u00f5es de viagem, que afetam Ir\u00e3, It\u00e1lia e Coreia do Sul.<\/p>\n\n\n\n<p>Na Tail\u00e2ndia, um vendedor de 35 anos na Tail\u00e2ndia morreu de Covid-19, revelou neste domingo o departamento de controle de doen\u00e7as do pa\u00eds. O homem tamb\u00e9m havia testado positivo para dengue. Na Austr\u00e1lia, um homem de 78 anos que estava no navio Diamond Princess, atracado no Jap\u00e3o, morreu em um hospital no estado da Austr\u00e1lia Ocidental. A esposa dele tamb\u00e9m contraiu o v\u00edrus.<\/p>\n\n\n\n<p>A Coreia do Sul, o segundo pa\u00eds mais afetado depois da China, registrou neste domingo 586 casos adicionais, totalizando 3.736 contamina\u00e7\u00f5es, incluindo 18 fatais. O n\u00famero de novas infec\u00e7\u00f5es diminuiu em compara\u00e7\u00e3o a s\u00e1bado, quando foi anunciado o n\u00famero recorde de 813 casos.<\/p>\n\n\n\n<p>Para conter a propaga\u00e7\u00e3o, igrejas cat\u00f3licas permaneceram fechadas na Cor\u00e9ia do Sul neste domingo como parte de uma pol\u00edtica imposta para evitar reuni\u00f5es p\u00fablicas. A Igreja Cat\u00f3lica tem cerca de 5,8 milh\u00f5es de membros no pa\u00eds.<\/p>\n\n\n\n<p>Neste domingo, a Arm\u00eania e o Luxemburgo confirmaram seus primeiros casos de cont\u00e1gio provocado pelo novo coronav\u00edrus. No caso de Luxemburgo, o paciente \u00e9 um homem de 40 anos que havia viajado \u00e0 It\u00e1lia, revelou o minist\u00e9rio da Sa\u00fade do pa\u00eds. J\u00e1 o caso da Arm\u00e9nia envolve um cidad\u00e3o que esteve no Ir\u00e3 e que foi hospitalizado em estado est\u00e1vel.<\/p>\n\n\n\n<p>O Ir\u00e3, por sua vez, anunciou neste domingo a morte de mais 11 pessoas infectadas pelo coronav\u00edrus, elevando o n\u00famero de v\u00edtimas fatais no pa\u00eds a 54. Al\u00e9m disso, foram reportados 385 novos casos, totalizando 978 contaminados. O servi\u00e7o farsi da rede BBC, citando fontes hospitalares, disse que pelo menos 210 pessoas morreram no Ir\u00e3, n\u00famero negado pelas autoridades.<\/p>\n\n\n\n<p>Na Europa, a Fran\u00e7a, o segundo foco epid\u00eamico no continente, cancelou todos os &#8220;eventos reunindo mais de 5.000 pessoas&#8221; em ambiente fechado, como o \u00faltimo dia do Sal\u00e3o de Agricultura em Paris. A decis\u00e3o tamb\u00e9m se aplica a certos eventos ao ar livre, como a meia-maratona de Paris. Tamb\u00e9m foram tomadas medidas de precau\u00e7\u00e3o nas mesquitas. Um total de 100 pessoas foram infectadas com o novo coronav\u00edrus no pa\u00eds, duas das quais morreram.<\/p>\n\n\n\n<p>A vizinha It\u00e1lia, que ultrapassou mil casos de contamina\u00e7\u00e3o, incluindo 29 mortos, tamb\u00e9m adotou medidas dr\u00e1sticas, como o fechamento das escolas em tr\u00eas regi\u00f5es, o cancelamento de eventos esportivos e culturais, incluindo o adiamento de cinco partidas do campeonato de futebol (S\u00e9rie A), e quarentena por uma semana em 11 munic\u00edpios do Norte, o pulm\u00e3o econ\u00f4mico do pa\u00eds.<\/p>\n\n\n\n<p>No s\u00e1bado, Minist\u00e9rio da Sa\u00fade do Brasil informou que foi confirmado o segundo caso importado de infec\u00e7\u00e3o pelo coronav\u00edrus Sars-CoV-2 no pa\u00eds. Assim como na primeira ocorr\u00eancia, o paciente est\u00e1 em S\u00e3o Paulo e retornou da It\u00e1lia recentemente.<\/p>\n\n\n\n<p>Ap\u00f3s o Brasil, o coronav\u00edrus chegou a outros pa\u00edses latino-americanos. O M\u00e9xico j\u00e1 tem quatro casos confirmados, ap\u00f3s o an\u00fancio de uma nova infec\u00e7\u00e3o neste s\u00e1bado, de uma jovem de 20 anos do estado de Coahuila que viajou \u00e0 It\u00e1lia entre janeiro e fevereiro.<\/p>\n\n\n\n<p>Os outros tr\u00eas casos s\u00e3o homens, dos quais dois (de 35 e 59 anos) est\u00e3o na Cidade do M\u00e9xico e um (de 41 anos) est\u00e1 no estado de Sinalefa. Os tr\u00eas participaram de um congresso na cidade italiana de Bergamo, onde tiveram contato com um local que contraiu o v\u00edrus na Mal\u00e1sia.<\/p>\n\n\n\n<p>O Equador, por sua vez, confirmou o primeiro caso de coronav\u00edrus no pa\u00eds neste s\u00e1bado, sendo o segundo pa\u00eds da Am\u00e9rica do Sul a registrar a doen\u00e7a. A paciente \u00e9 uma mulher equatoriana de mais de 70 anos que vive na Espanha e retornou ao pa\u00eds h\u00e1 cerca de 15 dias.<\/p>\n","protected":false},"excerpt":{"rendered":"<p>Casos de infec\u00e7\u00e3o voltam a crescer na China. Epidemia j\u00e1 deixou quase 3.000 mortos e infectou mais de 87 mil pessoas em 65 pa\u00edses.Os EUA,&hellip; <\/p>\n","protected":false},"author":2,"featured_media":155968,"comment_status":"closed","ping_status":"closed","sticky":false,"template":"","format":"standard","meta":{"sfsi_plus_gutenberg_text_before_share":"","sfsi_plus_gutenberg_show_text_before_share":"","sfsi_plus_gutenberg_icon_type":"","sfsi_plus_gutenberg_icon_alignemt":"","sfsi_plus_gutenburg_max_per_row":"","footnotes":""},"categories":[16],"tags":[],"class_list":["post-155967","post","type-post","status-publish","format-standard","has-post-thumbnail","hentry","category-saude"],"_links":{"self":[{"href":"https:\/\/www.caririemacao.com\/1\/wp-json\/wp\/v2\/posts\/155967","targetHints":{"allow":["GET"]}}],"collection":[{"href":"https:\/\/www.caririemacao.com\/1\/wp-json\/wp\/v2\/posts"}],"about":[{"href":"https:\/\/www.caririemacao.com\/1\/wp-json\/wp\/v2\/types\/post"}],"author":[{"embeddable":true,"href":"https:\/\/www.caririemacao.com\/1\/wp-json\/wp\/v2\/users\/2"}],"replies":[{"embeddable":true,"href":"https:\/\/www.caririemacao.com\/1\/wp-json\/wp\/v2\/comments?post=155967"}],"version-history":[{"count":1,"href":"https:\/\/www.caririemacao.com\/1\/wp-json\/wp\/v2\/posts\/155967\/revisions"}],"predecessor-version":[{"id":155969,"href":"https:\/\/www.caririemacao.com\/1\/wp-json\/wp\/v2\/posts\/155967\/revisions\/155969"}],"wp:featuredmedia":[{"embeddable":true,"href":"https:\/\/www.caririemacao.com\/1\/wp-json\/wp\/v2\/media\/155968"}],"wp:attachment":[{"href":"https:\/\/www.caririemacao.com\/1\/wp-json\/wp\/v2\/media?parent=155967"}],"wp:term":[{"taxonomy":"category","embeddable":true,"href":"https:\/\/www.caririemacao.com\/1\/wp-json\/wp\/v2\/categories?post=155967"},{"taxonomy":"post_tag","embeddable":true,"href":"https:\/\/www.caririemacao.com\/1\/wp-json\/wp\/v2\/tags?post=155967"}],"curies":[{"name":"wp","href":"https:\/\/api.w.org\/{rel}","templated":true}]}}