{"id":155974,"date":"2020-03-02T06:38:02","date_gmt":"2020-03-02T09:38:02","guid":{"rendered":"http:\/\/www.caririemacao.com\/1\/?p=155974"},"modified":"2020-03-02T06:38:03","modified_gmt":"2020-03-02T09:38:03","slug":"janela-partidaria-para-quem-vai-disputar-eleicoes-comeca-na-quinta-feira","status":"publish","type":"post","link":"https:\/\/www.caririemacao.com\/1\/2020\/03\/02\/janela-partidaria-para-quem-vai-disputar-eleicoes-comeca-na-quinta-feira\/","title":{"rendered":"Janela partid\u00e1ria para quem vai disputar elei\u00e7\u00f5es come\u00e7a na quinta-feira"},"content":{"rendered":"\n<p>A partir da pr\u00f3xima quinta-feira (5), os vereadores que pretendem disputar a reelei\u00e7\u00e3o ou a prefeitura de sua cidade podem mudar de partido sem sofrerem nenhuma puni\u00e7\u00e3o da legenda. O prazo da chamada janela partid\u00e1ria termina no dia 3 de abril, seis meses antes do pleito. O primeiro turno ser\u00e1 realizado em 4 de outubro e o segundo turno no dia 25 do mesmo m\u00eas.<\/p>\n\n\n\n<p>Pelo calend\u00e1rio eleitoral, elaborado pelo Tribunal Superior Eleitoral (TSE), \u00f3rg\u00e3o respons\u00e1vel pela organiza\u00e7\u00e3o das elei\u00e7\u00f5es, o prazo \u00e9 considerado para a justa causa necess\u00e1ria para a mudan\u00e7a partid\u00e1ria dos detentores do cargo de vereador que queiram concorrer \u00e0s elei\u00e7\u00f5es majorit\u00e1rias (prefeitura) ou proporcionais (reelei\u00e7\u00e3o).&nbsp; Ao trocarem de partido, os parlamentares buscam mais recursos e apoio pol\u00edtico para as campanhas.&nbsp;<\/p>\n\n\n\n<p><strong>Calend\u00e1rio das elei\u00e7\u00f5es<\/strong><\/p>\n\n\n\n<p>Outras datas previstas no calend\u00e1rio eleitoral devem ser seguidas pelos candidatos e partidos que v\u00e3o disputar o pleito. No dia 4 de abril, todos os partidos que pretendem disputar as elei\u00e7\u00f5es devem estar com registro aprovado pelo TSE.<\/p>\n\n\n\n<p>No mesmo m\u00eas, o tribunal vai lan\u00e7ar uma campanha nas emissoras de r\u00e1dio e televis\u00e3o para incentivar a participa\u00e7\u00e3o das mulheres nas elei\u00e7\u00f5es e esclarecer o eleitor sobre o funcionamento do sistema eleitoral.<\/p>\n\n\n\n<p>No dia 16 de junho, a Corte deve divulgar o valor corrigido do Fundo Especial de Financiamento de Campanha (FEFC), criado pelo Congresso. Conforme o or\u00e7amento da Uni\u00e3o, R$ 2 bilh\u00f5es est\u00e3o previstos para o fundo.<\/p>\n\n\n\n<p>Em julho, os partidos est\u00e3o autorizados a promover as conven\u00e7\u00f5es internas para escolha de seus candidatos, que dever\u00e3o ter os registros das candidaturas apresentados \u00e0 Justi\u00e7a Eleitoral at\u00e9 15 de agosto.<\/p>\n\n\n\n<p>No dia seguinte, a propaganda eleitoral est\u00e1 autorizada nas ruas e na internet at\u00e9 3 de outubro, dia anterior ao primeiro turno.<\/p>\n\n\n\n<p>Em setembro, a partir do dia 19, nenhum candidato poder\u00e1 ser preso, salvo em flagrante. No caso dos eleitores, a legisla\u00e7\u00e3o eleitoral tamb\u00e9m pro\u00edbe a pris\u00e3o nos dias pr\u00f3ximos ao pleito. No dia 29, eleitores s\u00f3 podem ser presos em flagrante.<\/p>\n\n\n\n<p>A diploma\u00e7\u00e3o dos prefeitos e vices, al\u00e9m dos vereadores eleitos, deve ocorrer at\u00e9 19 de dezembro.<\/p>\n","protected":false},"excerpt":{"rendered":"<p>A partir da pr\u00f3xima quinta-feira (5), os vereadores que pretendem disputar a reelei\u00e7\u00e3o ou a prefeitura de sua cidade podem mudar de partido sem sofrerem&hellip; <\/p>\n","protected":false},"author":2,"featured_media":155975,"comment_status":"closed","ping_status":"closed","sticky":false,"template":"","format":"standard","meta":{"sfsi_plus_gutenberg_text_before_share":"","sfsi_plus_gutenberg_show_text_before_share":"","sfsi_plus_gutenberg_icon_type":"","sfsi_plus_gutenberg_icon_alignemt":"","sfsi_plus_gutenburg_max_per_row":"","footnotes":""},"categories":[2],"tags":[],"class_list":["post-155974","post","type-post","status-publish","format-standard","has-post-thumbnail","hentry","category-geral"],"_links":{"self":[{"href":"https:\/\/www.caririemacao.com\/1\/wp-json\/wp\/v2\/posts\/155974","targetHints":{"allow":["GET"]}}],"collection":[{"href":"https:\/\/www.caririemacao.com\/1\/wp-json\/wp\/v2\/posts"}],"about":[{"href":"https:\/\/www.caririemacao.com\/1\/wp-json\/wp\/v2\/types\/post"}],"author":[{"embeddable":true,"href":"https:\/\/www.caririemacao.com\/1\/wp-json\/wp\/v2\/users\/2"}],"replies":[{"embeddable":true,"href":"https:\/\/www.caririemacao.com\/1\/wp-json\/wp\/v2\/comments?post=155974"}],"version-history":[{"count":1,"href":"https:\/\/www.caririemacao.com\/1\/wp-json\/wp\/v2\/posts\/155974\/revisions"}],"predecessor-version":[{"id":155976,"href":"https:\/\/www.caririemacao.com\/1\/wp-json\/wp\/v2\/posts\/155974\/revisions\/155976"}],"wp:featuredmedia":[{"embeddable":true,"href":"https:\/\/www.caririemacao.com\/1\/wp-json\/wp\/v2\/media\/155975"}],"wp:attachment":[{"href":"https:\/\/www.caririemacao.com\/1\/wp-json\/wp\/v2\/media?parent=155974"}],"wp:term":[{"taxonomy":"category","embeddable":true,"href":"https:\/\/www.caririemacao.com\/1\/wp-json\/wp\/v2\/categories?post=155974"},{"taxonomy":"post_tag","embeddable":true,"href":"https:\/\/www.caririemacao.com\/1\/wp-json\/wp\/v2\/tags?post=155974"}],"curies":[{"name":"wp","href":"https:\/\/api.w.org\/{rel}","templated":true}]}}