{"id":155979,"date":"2020-03-02T06:42:07","date_gmt":"2020-03-02T09:42:07","guid":{"rendered":"http:\/\/www.caririemacao.com\/1\/?p=155979"},"modified":"2020-03-02T06:42:09","modified_gmt":"2020-03-02T09:42:09","slug":"colisao-entre-carro-e-motocicleta-deixa-uma-pessoa-ferida-no-centro-de-monteiro","status":"publish","type":"post","link":"https:\/\/www.caririemacao.com\/1\/2020\/03\/02\/colisao-entre-carro-e-motocicleta-deixa-uma-pessoa-ferida-no-centro-de-monteiro\/","title":{"rendered":"Colis\u00e3o entre carro e motocicleta deixa uma pessoa ferida no centro de Monteiro"},"content":{"rendered":"\n<p>Uma pessoa ficou ferida ap\u00f3s uma colis\u00e3o entre uma motocicleta e um carro, por volta das 11h30 deste Domingo (01), na Rua Francisco C\u00e2ndido, centro de Monteiro.<\/p>\n\n\n\n<p>De acordo com informa\u00e7\u00f5es de populares que presenciaram a colis\u00e3o, o motorista do carro realizou uma manobra indevida resultando na colis\u00e3o com a motocicleta. Com o impacto o motorista da motocicleta foi arremessado ao solo vindo a sofrer escoria\u00e7\u00f5es e ferimentos pelo corpo.<\/p>\n\n\n\n<p>Uma unidade do Servi\u00e7o de Atendimento M\u00f3vel de Urg\u00eancia&nbsp;(SAMU&nbsp;192), foi chamado ao local para prestar os primeiros socorros.<\/p>\n","protected":false},"excerpt":{"rendered":"<p>Uma pessoa ficou ferida ap\u00f3s uma colis\u00e3o entre uma motocicleta e um carro, por volta das 11h30 deste Domingo (01), na Rua Francisco C\u00e2ndido, centro&hellip; <\/p>\n","protected":false},"author":2,"featured_media":155980,"comment_status":"closed","ping_status":"closed","sticky":false,"template":"","format":"standard","meta":{"sfsi_plus_gutenberg_text_before_share":"","sfsi_plus_gutenberg_show_text_before_share":"","sfsi_plus_gutenberg_icon_type":"","sfsi_plus_gutenberg_icon_alignemt":"","sfsi_plus_gutenburg_max_per_row":"","footnotes":""},"categories":[2],"tags":[],"class_list":["post-155979","post","type-post","status-publish","format-standard","has-post-thumbnail","hentry","category-geral"],"_links":{"self":[{"href":"https:\/\/www.caririemacao.com\/1\/wp-json\/wp\/v2\/posts\/155979","targetHints":{"allow":["GET"]}}],"collection":[{"href":"https:\/\/www.caririemacao.com\/1\/wp-json\/wp\/v2\/posts"}],"about":[{"href":"https:\/\/www.caririemacao.com\/1\/wp-json\/wp\/v2\/types\/post"}],"author":[{"embeddable":true,"href":"https:\/\/www.caririemacao.com\/1\/wp-json\/wp\/v2\/users\/2"}],"replies":[{"embeddable":true,"href":"https:\/\/www.caririemacao.com\/1\/wp-json\/wp\/v2\/comments?post=155979"}],"version-history":[{"count":1,"href":"https:\/\/www.caririemacao.com\/1\/wp-json\/wp\/v2\/posts\/155979\/revisions"}],"predecessor-version":[{"id":155981,"href":"https:\/\/www.caririemacao.com\/1\/wp-json\/wp\/v2\/posts\/155979\/revisions\/155981"}],"wp:featuredmedia":[{"embeddable":true,"href":"https:\/\/www.caririemacao.com\/1\/wp-json\/wp\/v2\/media\/155980"}],"wp:attachment":[{"href":"https:\/\/www.caririemacao.com\/1\/wp-json\/wp\/v2\/media?parent=155979"}],"wp:term":[{"taxonomy":"category","embeddable":true,"href":"https:\/\/www.caririemacao.com\/1\/wp-json\/wp\/v2\/categories?post=155979"},{"taxonomy":"post_tag","embeddable":true,"href":"https:\/\/www.caririemacao.com\/1\/wp-json\/wp\/v2\/tags?post=155979"}],"curies":[{"name":"wp","href":"https:\/\/api.w.org\/{rel}","templated":true}]}}