{"id":155988,"date":"2020-03-02T06:45:17","date_gmt":"2020-03-02T09:45:17","guid":{"rendered":"http:\/\/www.caririemacao.com\/1\/?p=155988"},"modified":"2020-03-02T06:45:19","modified_gmt":"2020-03-02T09:45:19","slug":"laudo-do-iml-confirma-que-morte-do-adolescente-cordeirense-foi-vitimada-por-um-choque-eletrico","status":"publish","type":"post","link":"https:\/\/www.caririemacao.com\/1\/2020\/03\/02\/laudo-do-iml-confirma-que-morte-do-adolescente-cordeirense-foi-vitimada-por-um-choque-eletrico\/","title":{"rendered":"Laudo do IML confirma que morte do adolescente cordeirense foi vitimada por um choque el\u00e9trico"},"content":{"rendered":"\n<p>O Instituto M\u00e9dico Legal (IML) de Campina Grande concluiu e emitiu um laudo neste domingo(01) sobre a verdadeira causa da morte do adolescente Kaique Alc\u00e2ntara Lopes, que morreu neste \u00faltimo s\u00e1bado(29), no S\u00edtio Sim\u00e3o Lopes, zona rural de S\u00e3o Jos\u00e9 dos Cordeiros.<\/p>\n\n\n\n<p>A causa da morte foi vitimada pelo um choque el\u00e9trico e n\u00e3o por infarto, segundo uma per\u00edcia minuciosa feita por peritos do IML.<\/p>\n\n\n\n<p>Kaique estava com seu pai no ro\u00e7ado da fam\u00edlia, quando em um dado momento, o pai chamou por seu nome e ao avistar, encontrou o filho deitado e j\u00e1 sem sinais de vida.<\/p>\n\n\n\n<p>O pai ainda tentou lev\u00e1-lo \u00e0s pressas para o Hospital Geral de Serra Branca e no meio do trajeto, ainda perdeu o controle do ve\u00edculo em um trevo da rodovia, mas ao chegar \u00e0 unidade hospitalar o \u00f3bito foi confirmado.<\/p>\n\n\n\n<p>Familiares, amigos e conterr\u00e2neos lamentaram pela perca repentina do adolescente Kaique, que tinha apenas 13 anos de idade.<\/p>\n\n\n\n<p>Fonte: De Olho no Cariri<\/p>\n","protected":false},"excerpt":{"rendered":"<p>O Instituto M\u00e9dico Legal (IML) de Campina Grande concluiu e emitiu um laudo neste domingo(01) sobre a verdadeira causa da morte do adolescente Kaique Alc\u00e2ntara&hellip; <\/p>\n","protected":false},"author":2,"featured_media":155989,"comment_status":"closed","ping_status":"closed","sticky":false,"template":"","format":"standard","meta":{"sfsi_plus_gutenberg_text_before_share":"","sfsi_plus_gutenberg_show_text_before_share":"","sfsi_plus_gutenberg_icon_type":"","sfsi_plus_gutenberg_icon_alignemt":"","sfsi_plus_gutenburg_max_per_row":"","footnotes":""},"categories":[2],"tags":[],"class_list":["post-155988","post","type-post","status-publish","format-standard","has-post-thumbnail","hentry","category-geral"],"_links":{"self":[{"href":"https:\/\/www.caririemacao.com\/1\/wp-json\/wp\/v2\/posts\/155988","targetHints":{"allow":["GET"]}}],"collection":[{"href":"https:\/\/www.caririemacao.com\/1\/wp-json\/wp\/v2\/posts"}],"about":[{"href":"https:\/\/www.caririemacao.com\/1\/wp-json\/wp\/v2\/types\/post"}],"author":[{"embeddable":true,"href":"https:\/\/www.caririemacao.com\/1\/wp-json\/wp\/v2\/users\/2"}],"replies":[{"embeddable":true,"href":"https:\/\/www.caririemacao.com\/1\/wp-json\/wp\/v2\/comments?post=155988"}],"version-history":[{"count":1,"href":"https:\/\/www.caririemacao.com\/1\/wp-json\/wp\/v2\/posts\/155988\/revisions"}],"predecessor-version":[{"id":155990,"href":"https:\/\/www.caririemacao.com\/1\/wp-json\/wp\/v2\/posts\/155988\/revisions\/155990"}],"wp:featuredmedia":[{"embeddable":true,"href":"https:\/\/www.caririemacao.com\/1\/wp-json\/wp\/v2\/media\/155989"}],"wp:attachment":[{"href":"https:\/\/www.caririemacao.com\/1\/wp-json\/wp\/v2\/media?parent=155988"}],"wp:term":[{"taxonomy":"category","embeddable":true,"href":"https:\/\/www.caririemacao.com\/1\/wp-json\/wp\/v2\/categories?post=155988"},{"taxonomy":"post_tag","embeddable":true,"href":"https:\/\/www.caririemacao.com\/1\/wp-json\/wp\/v2\/tags?post=155988"}],"curies":[{"name":"wp","href":"https:\/\/api.w.org\/{rel}","templated":true}]}}