{"id":155991,"date":"2020-03-02T06:48:45","date_gmt":"2020-03-02T09:48:45","guid":{"rendered":"http:\/\/www.caririemacao.com\/1\/?p=155991"},"modified":"2020-03-02T06:48:47","modified_gmt":"2020-03-02T09:48:47","slug":"motocicleta-e-furtada-em-frente-de-residencia-em-monteiro","status":"publish","type":"post","link":"https:\/\/www.caririemacao.com\/1\/2020\/03\/02\/motocicleta-e-furtada-em-frente-de-residencia-em-monteiro\/","title":{"rendered":"Motocicleta \u00e9 furtada em frente de resid\u00eancia em Monteiro"},"content":{"rendered":"\n<p> Uma motocicleta que estava estacionada em frente a resid\u00eancia de seu propriet\u00e1rio, localizada por tr\u00e1s do col\u00e9gio Estadual Jo\u00e3o de Oliveira Chaves, foi furtada no in\u00edcio da tarde deste s\u00e1bado (29) em Monteiro no Cariri Paraibano.<br>De acordo com relatos da v\u00edtima, sua motocicleta Honda Fan de cor preta, placa KLF 5730,\u00a0\u00a0foi furtada enquanto o mesmo adentrou em sua resid\u00eancia para tomar uma banho, minuto depois quando saiu a moto n\u00e3o estava mais no local.<\/p>\n","protected":false},"excerpt":{"rendered":"<p>Uma motocicleta que estava estacionada em frente a resid\u00eancia de seu propriet\u00e1rio, localizada por tr\u00e1s do col\u00e9gio Estadual Jo\u00e3o de Oliveira Chaves, foi furtada no&hellip; <\/p>\n","protected":false},"author":2,"featured_media":88728,"comment_status":"closed","ping_status":"closed","sticky":false,"template":"","format":"standard","meta":{"sfsi_plus_gutenberg_text_before_share":"","sfsi_plus_gutenberg_show_text_before_share":"","sfsi_plus_gutenberg_icon_type":"","sfsi_plus_gutenberg_icon_alignemt":"","sfsi_plus_gutenburg_max_per_row":"","footnotes":""},"categories":[12],"tags":[],"class_list":["post-155991","post","type-post","status-publish","format-standard","has-post-thumbnail","hentry","category-policia"],"_links":{"self":[{"href":"https:\/\/www.caririemacao.com\/1\/wp-json\/wp\/v2\/posts\/155991","targetHints":{"allow":["GET"]}}],"collection":[{"href":"https:\/\/www.caririemacao.com\/1\/wp-json\/wp\/v2\/posts"}],"about":[{"href":"https:\/\/www.caririemacao.com\/1\/wp-json\/wp\/v2\/types\/post"}],"author":[{"embeddable":true,"href":"https:\/\/www.caririemacao.com\/1\/wp-json\/wp\/v2\/users\/2"}],"replies":[{"embeddable":true,"href":"https:\/\/www.caririemacao.com\/1\/wp-json\/wp\/v2\/comments?post=155991"}],"version-history":[{"count":1,"href":"https:\/\/www.caririemacao.com\/1\/wp-json\/wp\/v2\/posts\/155991\/revisions"}],"predecessor-version":[{"id":155992,"href":"https:\/\/www.caririemacao.com\/1\/wp-json\/wp\/v2\/posts\/155991\/revisions\/155992"}],"wp:featuredmedia":[{"embeddable":true,"href":"https:\/\/www.caririemacao.com\/1\/wp-json\/wp\/v2\/media\/88728"}],"wp:attachment":[{"href":"https:\/\/www.caririemacao.com\/1\/wp-json\/wp\/v2\/media?parent=155991"}],"wp:term":[{"taxonomy":"category","embeddable":true,"href":"https:\/\/www.caririemacao.com\/1\/wp-json\/wp\/v2\/categories?post=155991"},{"taxonomy":"post_tag","embeddable":true,"href":"https:\/\/www.caririemacao.com\/1\/wp-json\/wp\/v2\/tags?post=155991"}],"curies":[{"name":"wp","href":"https:\/\/api.w.org\/{rel}","templated":true}]}}