{"id":155994,"date":"2020-03-02T06:50:44","date_gmt":"2020-03-02T09:50:44","guid":{"rendered":"http:\/\/www.caririemacao.com\/1\/?p=155994"},"modified":"2020-03-02T06:50:46","modified_gmt":"2020-03-02T09:50:46","slug":"verdade-ou-fake-infectologista-esclarece-sobre-informacoes-do-coronavirus","status":"publish","type":"post","link":"https:\/\/www.caririemacao.com\/1\/2020\/03\/02\/verdade-ou-fake-infectologista-esclarece-sobre-informacoes-do-coronavirus\/","title":{"rendered":"Verdade ou Fake: Infectologista esclarece sobre informa\u00e7\u00f5es do Coronav\u00edrus"},"content":{"rendered":"\n<p>O Brasil confirmou o primeiro caso do Coronav\u00edrus na \u00faltima ter\u00e7a-feira (25). Na Para\u00edba, um caso suspeito foi registrado na \u00faltima quarta-feira (26), mas j\u00e1 foi descartado pela Secretaria de Sa\u00fade. A verdade \u00e9 que desde que surgiram os primeiros casos da doen\u00e7a, conhecida tamb\u00e9m por Covid-19, muita informa\u00e7\u00e3o circula nas redes sociais. Por\u00e9m, muitas delas se enquadram no que se chama de Fake News \u2013 Not\u00edcias Falsas.<br>\u00a0<br>Para esclarecer e tranquilizar a popula\u00e7\u00e3o sobre a doen\u00e7a o m\u00e9dico infectologista do Hospital do Hapvida em Jo\u00e3o Pessoa, Fernando Chagas, desmente algumas informa\u00e7\u00f5es que circula pelos aplicativos de conversa e demais redes sociais.<br>\u00a0<br>\u201cO n\u00famero de informa\u00e7\u00f5es que chegam via internet, principalmente por meio das redes sociais \u00e9 imenso, mas precisamos ficar atentos ao que realmente \u00e9 ver\u00eddico e o que n\u00e3o se encaixa na realidade. Por exemplo, t\u00eam circulado a informa\u00e7\u00e3o de que o v\u00edrus \u00e9 fraco, n\u00e3o resiste ao calor e temperaturas de 26\u00b0C ou 27\u00b0C j\u00e1 matam o v\u00edrus e isso n\u00e3o \u00e9 verdade. Muito pelo contr\u00e1rio, o Coronav\u00edrus resiste at\u00e9 57\u00b0C, ent\u00e3o na temperatura da gente ele vai resistir, n\u00e3o haver\u00e1 influ\u00eancia alguma sobre ele\u201d, explica.<br>\u00a0<br>Outra informa\u00e7\u00e3o que circula em massa e que Fernando Chagas aponta como falsa diz respeito \u00e0 tosse. A mensagem afirma que a tosse caracter\u00edstica do Coronav\u00edrus \u00e9 seca. Mas, o infectologista assegura que o v\u00edrus tanto pode gerar a tosse seca como cheia e que n\u00e3o h\u00e1 diferen\u00e7a para o tipo de tosse sobre a doen\u00e7a. Por\u00e9m, o m\u00e9dico lembra que a grande caracter\u00edstica para o Coronav\u00edrus \u00e9 a presen\u00e7a da febre.<br>\u00a0<br>H\u00e1bitos \u2013 O especialista ressalta que simples h\u00e1bitos contribuem para eliminar a poss\u00edvel presen\u00e7a do v\u00edrus. \u201cDentre as orienta\u00e7\u00f5es que cont\u00e9m um teor de Fake News est\u00e1 a de que o v\u00edrus fica resistente nas m\u00e3os por minutos. \u00c9 importante destacar que, teoricamente, o v\u00edrus poderia ficar em uma superf\u00edcie por um dia, mas, na realidade, nas m\u00e3os uma lavagem simples j\u00e1 garante a remo\u00e7\u00e3o dele, mesmo sem o uso do \u00e1lcool em gel. Lavar as m\u00e3os de forma correta j\u00e1 assegura a elimina\u00e7\u00e3o do v\u00edrus\u201d, esclarece Fernando Chagas.<br>\u00a0<br>Dizer que o v\u00edrus \u00e9 muito mais resistente em superf\u00edcies met\u00e1licas onde pode se manter vivo por at\u00e9 12 horas, pode ser tamb\u00e9m considerada uma Fake News, tendo em vista que, de acordo com o infectologista, estruturas met\u00e1licas asseguram uma maior probabilidade de perman\u00eancia do v\u00edrus \u2013 de at\u00e9 sete dias \u2013pela quantidade de pessoas que transitam e p\u00f5e a m\u00e3o naquele espa\u00e7o, a exemplo dos \u00f4nibus. Por\u00e9m, lembra que isso \u00e9 algo que n\u00e3o se restringe apenas ao Coronav\u00edrus, mas que pode ocasionar at\u00e9 infec\u00e7\u00f5es bacterianas. Por isso, a import\u00e2ncia de manter a limpeza das superf\u00edcies.<br>\u00a0<br>O especialista ressalta que a circula\u00e7\u00e3o de informa\u00e7\u00f5es falsas s\u00f3 contribui para causar p\u00e2nico na popula\u00e7\u00e3o e, de certo modo, dificultar o processo de investiga\u00e7\u00e3o. \u201cN\u00e3o existem medidas, tipo, ingest\u00e3o de ch\u00e1s, \u00e1gua quente, vitaminas, que comprovem a efic\u00e1cia da preven\u00e7\u00e3o ao Coronav\u00edrus. Nada disso est\u00e1 confirmado em estudo, n\u00e3o adianta tomar vitamina C. As medidas mais poss\u00edveis s\u00e3o atitudes preventivas, de cuidado nos h\u00e1bitos, como uma simples lavagem de m\u00e3os, para reduzir a transmiss\u00e3o de qualquer v\u00edrus e, claro, o bom senso, no intuito de n\u00e3o espalhar not\u00edcias falsas\u201d, pontua e conclui.<\/p>\n","protected":false},"excerpt":{"rendered":"<p>O Brasil confirmou o primeiro caso do Coronav\u00edrus na \u00faltima ter\u00e7a-feira (25). Na Para\u00edba, um caso suspeito foi registrado na \u00faltima quarta-feira (26), mas j\u00e1&hellip; <\/p>\n","protected":false},"author":2,"featured_media":155657,"comment_status":"closed","ping_status":"closed","sticky":false,"template":"","format":"standard","meta":{"sfsi_plus_gutenberg_text_before_share":"","sfsi_plus_gutenberg_show_text_before_share":"","sfsi_plus_gutenberg_icon_type":"","sfsi_plus_gutenberg_icon_alignemt":"","sfsi_plus_gutenburg_max_per_row":"","footnotes":""},"categories":[2],"tags":[],"class_list":["post-155994","post","type-post","status-publish","format-standard","has-post-thumbnail","hentry","category-geral"],"_links":{"self":[{"href":"https:\/\/www.caririemacao.com\/1\/wp-json\/wp\/v2\/posts\/155994","targetHints":{"allow":["GET"]}}],"collection":[{"href":"https:\/\/www.caririemacao.com\/1\/wp-json\/wp\/v2\/posts"}],"about":[{"href":"https:\/\/www.caririemacao.com\/1\/wp-json\/wp\/v2\/types\/post"}],"author":[{"embeddable":true,"href":"https:\/\/www.caririemacao.com\/1\/wp-json\/wp\/v2\/users\/2"}],"replies":[{"embeddable":true,"href":"https:\/\/www.caririemacao.com\/1\/wp-json\/wp\/v2\/comments?post=155994"}],"version-history":[{"count":1,"href":"https:\/\/www.caririemacao.com\/1\/wp-json\/wp\/v2\/posts\/155994\/revisions"}],"predecessor-version":[{"id":155995,"href":"https:\/\/www.caririemacao.com\/1\/wp-json\/wp\/v2\/posts\/155994\/revisions\/155995"}],"wp:featuredmedia":[{"embeddable":true,"href":"https:\/\/www.caririemacao.com\/1\/wp-json\/wp\/v2\/media\/155657"}],"wp:attachment":[{"href":"https:\/\/www.caririemacao.com\/1\/wp-json\/wp\/v2\/media?parent=155994"}],"wp:term":[{"taxonomy":"category","embeddable":true,"href":"https:\/\/www.caririemacao.com\/1\/wp-json\/wp\/v2\/categories?post=155994"},{"taxonomy":"post_tag","embeddable":true,"href":"https:\/\/www.caririemacao.com\/1\/wp-json\/wp\/v2\/tags?post=155994"}],"curies":[{"name":"wp","href":"https:\/\/api.w.org\/{rel}","templated":true}]}}