{"id":155998,"date":"2020-03-02T07:25:42","date_gmt":"2020-03-02T10:25:42","guid":{"rendered":"http:\/\/www.caririemacao.com\/1\/?p=155998"},"modified":"2020-03-02T07:25:44","modified_gmt":"2020-03-02T10:25:44","slug":"termina-hoje-prazo-para-pre-selecionados-no-fies-complementarem-dados","status":"publish","type":"post","link":"https:\/\/www.caririemacao.com\/1\/2020\/03\/02\/termina-hoje-prazo-para-pre-selecionados-no-fies-complementarem-dados\/","title":{"rendered":"Termina hoje prazo para pr\u00e9-selecionados no Fies complementarem dados"},"content":{"rendered":"\n<p>Termina nesta segunda-feira (2) o prazo para os candidatos pr\u00e9-selecionados na chamada \u00fanica do Fundo de Financiamento Estudantil (Fies) complementarem as informa\u00e7\u00f5es da inscri\u00e7\u00e3o. O procedimento deve ser feito pelo<a href=\"http:\/\/fies.mec.gov.br\/\">&nbsp;<em>site<\/em>&nbsp;do programa<\/a>. S\u00e3o cobrados os dados banc\u00e1rios do estudante, do fiador e do seguro para pagamento da d\u00edvida em caso de morte.<\/p>\n\n\n\n<p>As informa\u00e7\u00f5es ser\u00e3o validadas pela institui\u00e7\u00e3o de ensino, que pode solicitar mais documentos. Ap\u00f3s esse processo, o estudante j\u00e1 pode comparecer \u00e0 ag\u00eancia da Caixa Econ\u00f4mica Federal e formalizar a contrata\u00e7\u00e3o do financiamento.<\/p>\n\n\n\n<p>Os candidatos n\u00e3o pr\u00e9-selecionados foram automaticamente inclu\u00eddos na lista de espera e devem acompanhar sua eventual pr\u00e9-sele\u00e7\u00e3o entre 28 de fevereiro e 31 de mar\u00e7o, na p\u00e1gina do Fies.<\/p>\n\n\n\n<p><strong>Resultado<\/strong><\/p>\n\n\n\n<p>O Minist\u00e9rio da Educa\u00e7\u00e3o (MEC) divulgou,&nbsp;<a href=\"http:\/\/agenciabrasil.ebc.com.br\/educacao\/noticia\/2020-02\/fies-candidatos-ja-podem-acessar-resultados\">na quarta-feira (26),<\/a>&nbsp;o resultado do processo seletivo, para o primeiro semestre de 2020, do Fies e do Programa de Financiamento Estudantil (P-Fies). Neste semestre, o programa vai oferecer 70 mil vagas para financiamento estudantil em institui\u00e7\u00f5es privadas de ensino superior.<\/p>\n\n\n\n<p>Os pr\u00e9-selecionados na modalidade P-Fies dever\u00e3o ir pessoalmente \u00e0 institui\u00e7\u00e3o de ensino para valida\u00e7\u00e3o das informa\u00e7\u00f5es de sua inscri\u00e7\u00e3o e contrata\u00e7\u00e3o do financiamento. No P-Fies n\u00e3o existe a etapa de lista de espera.<\/p>\n\n\n\n<p>O programa do MEC est\u00e1 dividido em duas modalidades, o Fies a juros zero para quem tem renda familiar de at\u00e9 tr\u00eas sal\u00e1rios m\u00ednimos por pessoa e o P-Fies para aqueles com renda familiar per capita de at\u00e9 cinco sal\u00e1rios m\u00ednimos, com juros que variam de acordo com o banco e a institui\u00e7\u00e3o de ensino. Essa \u00faltima modalidade funciona com recursos dos fundos constitucionais e dos bancos privados participantes.<\/p>\n","protected":false},"excerpt":{"rendered":"<p>Termina nesta segunda-feira (2) o prazo para os candidatos pr\u00e9-selecionados na chamada \u00fanica do Fundo de Financiamento Estudantil (Fies) complementarem as informa\u00e7\u00f5es da inscri\u00e7\u00e3o. O&hellip; <\/p>\n","protected":false},"author":2,"featured_media":155458,"comment_status":"closed","ping_status":"closed","sticky":false,"template":"","format":"standard","meta":{"sfsi_plus_gutenberg_text_before_share":"","sfsi_plus_gutenberg_show_text_before_share":"","sfsi_plus_gutenberg_icon_type":"","sfsi_plus_gutenberg_icon_alignemt":"","sfsi_plus_gutenburg_max_per_row":"","footnotes":""},"categories":[50,14],"tags":[],"class_list":["post-155998","post","type-post","status-publish","format-standard","has-post-thumbnail","hentry","category-destaque","category-educacao"],"_links":{"self":[{"href":"https:\/\/www.caririemacao.com\/1\/wp-json\/wp\/v2\/posts\/155998","targetHints":{"allow":["GET"]}}],"collection":[{"href":"https:\/\/www.caririemacao.com\/1\/wp-json\/wp\/v2\/posts"}],"about":[{"href":"https:\/\/www.caririemacao.com\/1\/wp-json\/wp\/v2\/types\/post"}],"author":[{"embeddable":true,"href":"https:\/\/www.caririemacao.com\/1\/wp-json\/wp\/v2\/users\/2"}],"replies":[{"embeddable":true,"href":"https:\/\/www.caririemacao.com\/1\/wp-json\/wp\/v2\/comments?post=155998"}],"version-history":[{"count":1,"href":"https:\/\/www.caririemacao.com\/1\/wp-json\/wp\/v2\/posts\/155998\/revisions"}],"predecessor-version":[{"id":155999,"href":"https:\/\/www.caririemacao.com\/1\/wp-json\/wp\/v2\/posts\/155998\/revisions\/155999"}],"wp:featuredmedia":[{"embeddable":true,"href":"https:\/\/www.caririemacao.com\/1\/wp-json\/wp\/v2\/media\/155458"}],"wp:attachment":[{"href":"https:\/\/www.caririemacao.com\/1\/wp-json\/wp\/v2\/media?parent=155998"}],"wp:term":[{"taxonomy":"category","embeddable":true,"href":"https:\/\/www.caririemacao.com\/1\/wp-json\/wp\/v2\/categories?post=155998"},{"taxonomy":"post_tag","embeddable":true,"href":"https:\/\/www.caririemacao.com\/1\/wp-json\/wp\/v2\/tags?post=155998"}],"curies":[{"name":"wp","href":"https:\/\/api.w.org\/{rel}","templated":true}]}}