{"id":156001,"date":"2020-03-02T07:27:48","date_gmt":"2020-03-02T10:27:48","guid":{"rendered":"http:\/\/www.caririemacao.com\/1\/?p=156001"},"modified":"2020-03-02T07:27:50","modified_gmt":"2020-03-02T10:27:50","slug":"veja-concursos-e-selecoes-com-editais-publicados-na-pb-de-1o-a-8-de-marco","status":"publish","type":"post","link":"https:\/\/www.caririemacao.com\/1\/2020\/03\/02\/veja-concursos-e-selecoes-com-editais-publicados-na-pb-de-1o-a-8-de-marco\/","title":{"rendered":"Veja concursos e sele\u00e7\u00f5es com editais publicados na PB de 1\u00ba a 8 de mar\u00e7o"},"content":{"rendered":"\n<p>Pelo menos 258 vagas s\u00e3o oferecidas em quatro editais de concursos e sele\u00e7\u00f5es publicados na Para\u00edba, nesta semana de 1\u00ba a 8 de mar\u00e7o.<\/p>\n\n\n\n<h2 class=\"wp-block-heading\"><a href=\"https:\/\/g1.globo.com\/pb\/paraiba\/noticia\/2020\/02\/14\/concurso-da-camara-municipal-de-mamanguape-pb-inscreve-ate-marco.ghtml\">Concurso da C\u00e2mara Municipal de Mamanguape<\/a><\/h2>\n\n\n\n<ul class=\"wp-block-list\"><li><strong>Vagas:&nbsp;<\/strong>9<\/li><li><strong>N\u00edveis:&nbsp;<\/strong>todos<\/li><li><strong>Sal\u00e1rios:&nbsp;<\/strong>R$ 1,2 mil a R$ 3 mil<\/li><li><strong>Prazo de inscri\u00e7\u00e3o:&nbsp;<\/strong>at\u00e9 este domingo (1\u00ba)<\/li><li><strong>Local de inscri\u00e7\u00e3o:<\/strong>&nbsp;<a href=\"http:\/\/www.idib.org.br\/Concurso.aspx?ID=186\" target=\"_blank\" rel=\"noreferrer noopener\">site da organizadora, Idib<\/a><\/li><li><strong>Taxas de inscri\u00e7\u00e3o:&nbsp;<\/strong>R$ 70 (n\u00edvel fundamental), R$ 100 (n\u00edveis m\u00e9dio) e R$ 130 (n\u00edvel superior)<\/li><li><strong>Provas:<\/strong>&nbsp;5 de abril<\/li><li><a href=\"http:\/\/www.idib.org.br\/ConcursoDownloadArquivo.aspx?ID2=1&amp;ID=B4C6YOBICI5BFYU62XTV8KOC03REB1L77JRRB23NI5QYYS0Q8N1CPNWAG2171GM7R8NB56S9LDTFCD9A2880.pdf\" target=\"_blank\" rel=\"noreferrer noopener\">Edital do concurso da C\u00e2mara Municipal de Mamanguape<\/a><\/li><\/ul>\n\n\n\n<h2 class=\"wp-block-heading\"><a href=\"https:\/\/g1.globo.com\/pb\/paraiba\/noticia\/2020\/01\/22\/divulgado-edital-no-concurso-de-sao-jose-da-lagoa-tapada-pb.ghtml\">Concurso da prefeitura de S\u00e3o Jos\u00e9 da Lagoa Tapada<\/a><\/h2>\n\n\n\n<ul class=\"wp-block-list\"><li><strong>Vagas:<\/strong>&nbsp;23<\/li><li><strong>N\u00edveis:&nbsp;<\/strong>m\u00e9dio, t\u00e9cnico e superior<\/li><li><strong>Sal\u00e1rios:<\/strong>&nbsp;R$ 1.045 a R$ 5 mil<\/li><li><strong>Prazo de inscri\u00e7\u00e3o:<\/strong>&nbsp;at\u00e9 13 de mar\u00e7o<\/li><li><strong>Local de inscri\u00e7\u00e3o:&nbsp;<\/strong><a href=\"http:\/\/www.facetconcursos.com.br\/\" target=\"_blank\" rel=\"noreferrer noopener\">site da organizadora, Facet concursos<\/a><\/li><li><strong>Taxas de inscri\u00e7\u00e3o:<\/strong>&nbsp;R$ 65,90 (m\u00e9dio e t\u00e9cnico) e R$ 90,50 (superior)<\/li><li><strong>Provas:&nbsp;<\/strong>29 de mar\u00e7o<\/li><li><a href=\"http:\/\/www.facetconcursos.com.br\/sjltapada\/edital.pdf\" target=\"_blank\" rel=\"noreferrer noopener\">Edital do concurso da prefeitura de S\u00e3o Jos\u00e9 da Lagoa Tapada<\/a><\/li><\/ul>\n\n\n\n<h2 class=\"wp-block-heading\"><a href=\"https:\/\/g1.globo.com\/pb\/paraiba\/noticia\/2020\/02\/21\/edital-de-concurso-da-prefeitura-de-areial-na-pb-e-divulgado.ghtml\">Concurso da prefeitura de Areial<\/a><\/h2>\n\n\n\n<ul class=\"wp-block-list\"><li><strong>Vagas:<\/strong>&nbsp;132<\/li><li><strong>N\u00edveis:<\/strong>&nbsp;m\u00e9dio, m\u00e9dio\/t\u00e9cnico e superior<\/li><li><strong>Sal\u00e1rios:<\/strong>&nbsp;R$ 1.045 a R$ 2.602,31<\/li><li><strong>Prazo de inscri\u00e7\u00e3o:<\/strong>&nbsp;at\u00e9 2 de abril de 2020<\/li><li><strong>Local de inscri\u00e7\u00e3o:<\/strong>&nbsp;<a href=\"https:\/\/cpcon.uepb.edu.br\/\" target=\"_blank\" rel=\"noreferrer noopener\">site da organizadora, Cpcon<\/a><\/li><li><strong>Taxas de inscri\u00e7\u00e3o:&nbsp;<\/strong>R$ 65 (fundamental), R$ 85 (m\u00e9dio\/t\u00e9cnico) e R$ 105 (superior)<\/li><li><strong>Provas:<\/strong>&nbsp;17 de maio de 2020<\/li><li><a href=\"https:\/\/cpcon.uepb.edu.br\/concursos\/2020_PM_Areial\/Edital\/2020_pmareial_edital_normativo_n01_2020.pdf\" target=\"_blank\" rel=\"noreferrer noopener\">Edital do concurso da Prefeitura de Areial<\/a><\/li><\/ul>\n\n\n\n<h2 class=\"wp-block-heading\"><a href=\"https:\/\/g1.globo.com\/pb\/paraiba\/noticia\/2020\/02\/21\/edital-de-concurso-da-prefeitura-de-jacarau-na-pb-e-divulgado.ghtml\">Concurso da prefeitura de Jacara\u00fa<\/a><\/h2>\n\n\n\n<ul class=\"wp-block-list\"><li><strong>Vagas:<\/strong>\u00a094<\/li><li><strong>N\u00edveis:<\/strong>\u00a0m\u00e9dio, m\u00e9dio, m\u00e9dio\/t\u00e9cnico e superior<\/li><li><strong>Sal\u00e1rios:\u00a0<\/strong>R$ 1.045 a R$ 2.644,66<\/li><li><strong>Prazo de inscri\u00e7\u00e3o:<\/strong>\u00a0at\u00e9 2 de abril de 2020<\/li><li><strong>Local de inscri\u00e7\u00e3o:<\/strong>\u00a0<a rel=\"noreferrer noopener\" href=\"https:\/\/cpcon.uepb.edu.br\/\" target=\"_blank\">site da organizadora, Cpcon<\/a><\/li><li><strong>Taxas de inscri\u00e7\u00e3o:<\/strong>\u00a0R$ 65 (fundamental), R$ 85 (m\u00e9dio e m\u00e9dio\/t\u00e9cnico) e R$ 105 (superior)<\/li><li><strong>Provas:\u00a0<\/strong>17 de maio de 2020<\/li><li><a rel=\"noreferrer noopener\" href=\"https:\/\/cpcon.uepb.edu.br\/concursos\/2020_PM_Jacarau\/Edital\/2020_pmjacarau_edital_normativo_n01_2020.pdf\" target=\"_blank\">Edital do concurso da Prefeitura de Jacara\u00fa\u00a0<\/a><\/li><\/ul>\n\n\n\n<p><\/p>\n\n\n\n<p>G1<\/p>\n","protected":false},"excerpt":{"rendered":"<p>Pelo menos 258 vagas s\u00e3o oferecidas em quatro editais de concursos e sele\u00e7\u00f5es publicados na Para\u00edba, nesta semana de 1\u00ba a 8 de mar\u00e7o. Concurso&hellip; <\/p>\n","protected":false},"author":2,"featured_media":92258,"comment_status":"closed","ping_status":"closed","sticky":false,"template":"","format":"standard","meta":{"sfsi_plus_gutenberg_text_before_share":"","sfsi_plus_gutenberg_show_text_before_share":"","sfsi_plus_gutenberg_icon_type":"","sfsi_plus_gutenberg_icon_alignemt":"","sfsi_plus_gutenburg_max_per_row":"","footnotes":""},"categories":[50,2],"tags":[],"class_list":["post-156001","post","type-post","status-publish","format-standard","has-post-thumbnail","hentry","category-destaque","category-geral"],"_links":{"self":[{"href":"https:\/\/www.caririemacao.com\/1\/wp-json\/wp\/v2\/posts\/156001","targetHints":{"allow":["GET"]}}],"collection":[{"href":"https:\/\/www.caririemacao.com\/1\/wp-json\/wp\/v2\/posts"}],"about":[{"href":"https:\/\/www.caririemacao.com\/1\/wp-json\/wp\/v2\/types\/post"}],"author":[{"embeddable":true,"href":"https:\/\/www.caririemacao.com\/1\/wp-json\/wp\/v2\/users\/2"}],"replies":[{"embeddable":true,"href":"https:\/\/www.caririemacao.com\/1\/wp-json\/wp\/v2\/comments?post=156001"}],"version-history":[{"count":1,"href":"https:\/\/www.caririemacao.com\/1\/wp-json\/wp\/v2\/posts\/156001\/revisions"}],"predecessor-version":[{"id":156002,"href":"https:\/\/www.caririemacao.com\/1\/wp-json\/wp\/v2\/posts\/156001\/revisions\/156002"}],"wp:featuredmedia":[{"embeddable":true,"href":"https:\/\/www.caririemacao.com\/1\/wp-json\/wp\/v2\/media\/92258"}],"wp:attachment":[{"href":"https:\/\/www.caririemacao.com\/1\/wp-json\/wp\/v2\/media?parent=156001"}],"wp:term":[{"taxonomy":"category","embeddable":true,"href":"https:\/\/www.caririemacao.com\/1\/wp-json\/wp\/v2\/categories?post=156001"},{"taxonomy":"post_tag","embeddable":true,"href":"https:\/\/www.caririemacao.com\/1\/wp-json\/wp\/v2\/tags?post=156001"}],"curies":[{"name":"wp","href":"https:\/\/api.w.org\/{rel}","templated":true}]}}