{"id":156007,"date":"2020-03-02T07:38:13","date_gmt":"2020-03-02T10:38:13","guid":{"rendered":"http:\/\/www.caririemacao.com\/1\/?p=156007"},"modified":"2020-03-02T07:38:16","modified_gmt":"2020-03-02T10:38:16","slug":"camara-de-vereadores-de-amparo-aprova-projeto-de-autoria-do-executivo-que-concede-aumento-de-1284-no-salario-dos-professores","status":"publish","type":"post","link":"https:\/\/www.caririemacao.com\/1\/2020\/03\/02\/camara-de-vereadores-de-amparo-aprova-projeto-de-autoria-do-executivo-que-concede-aumento-de-1284-no-salario-dos-professores\/","title":{"rendered":"C\u00e2mara de Vereadores de Amparo aprova projeto de autoria do Executivo que concede aumento de 12,84% no sal\u00e1rio dos professores"},"content":{"rendered":"\n<p>Na \u00faltima reuni\u00e3o da C\u00e2mara de Vereadores de Amparo, realizada na quinta-feira, os vereadores aprovaram o projeto de lei de autoria do Poder Executivo, que autoriza o pagamento do reajuste de 12,84% aos professores municipais, valor estabelecido pelo MEC.<\/p>\n\n\n\n<p>Os parlamentares aprovaram a lei, e atrav\u00e9s de uma emenda modificativa, os vereadores Fernando Fernandes e Maria Pedrosa autorizaram a prefeitura a pagar a porcentagem do magist\u00e9rio retroativo a partir de 01 de Janeiro de 2020, j\u00e1 que a data do projeto veio no dia 20 de Fevereiro.<\/p>\n\n\n\n<p>Todos os vereadores votaram favor\u00e1veis ao projeto.<\/p>\n","protected":false},"excerpt":{"rendered":"<p>Na \u00faltima reuni\u00e3o da C\u00e2mara de Vereadores de Amparo, realizada na quinta-feira, os vereadores aprovaram o projeto de lei de autoria do Poder Executivo, que&hellip; <\/p>\n","protected":false},"author":2,"featured_media":36519,"comment_status":"closed","ping_status":"closed","sticky":false,"template":"","format":"standard","meta":{"sfsi_plus_gutenberg_text_before_share":"","sfsi_plus_gutenberg_show_text_before_share":"","sfsi_plus_gutenberg_icon_type":"","sfsi_plus_gutenberg_icon_alignemt":"","sfsi_plus_gutenburg_max_per_row":"","footnotes":""},"categories":[6],"tags":[],"class_list":["post-156007","post","type-post","status-publish","format-standard","has-post-thumbnail","hentry","category-cidades"],"_links":{"self":[{"href":"https:\/\/www.caririemacao.com\/1\/wp-json\/wp\/v2\/posts\/156007","targetHints":{"allow":["GET"]}}],"collection":[{"href":"https:\/\/www.caririemacao.com\/1\/wp-json\/wp\/v2\/posts"}],"about":[{"href":"https:\/\/www.caririemacao.com\/1\/wp-json\/wp\/v2\/types\/post"}],"author":[{"embeddable":true,"href":"https:\/\/www.caririemacao.com\/1\/wp-json\/wp\/v2\/users\/2"}],"replies":[{"embeddable":true,"href":"https:\/\/www.caririemacao.com\/1\/wp-json\/wp\/v2\/comments?post=156007"}],"version-history":[{"count":1,"href":"https:\/\/www.caririemacao.com\/1\/wp-json\/wp\/v2\/posts\/156007\/revisions"}],"predecessor-version":[{"id":156008,"href":"https:\/\/www.caririemacao.com\/1\/wp-json\/wp\/v2\/posts\/156007\/revisions\/156008"}],"wp:featuredmedia":[{"embeddable":true,"href":"https:\/\/www.caririemacao.com\/1\/wp-json\/wp\/v2\/media\/36519"}],"wp:attachment":[{"href":"https:\/\/www.caririemacao.com\/1\/wp-json\/wp\/v2\/media?parent=156007"}],"wp:term":[{"taxonomy":"category","embeddable":true,"href":"https:\/\/www.caririemacao.com\/1\/wp-json\/wp\/v2\/categories?post=156007"},{"taxonomy":"post_tag","embeddable":true,"href":"https:\/\/www.caririemacao.com\/1\/wp-json\/wp\/v2\/tags?post=156007"}],"curies":[{"name":"wp","href":"https:\/\/api.w.org\/{rel}","templated":true}]}}