{"id":156015,"date":"2020-03-02T09:03:24","date_gmt":"2020-03-02T12:03:24","guid":{"rendered":"http:\/\/www.caririemacao.com\/1\/?p=156015"},"modified":"2020-03-02T09:03:26","modified_gmt":"2020-03-02T12:03:26","slug":"policiais-encerram-motim-no-ceara-depois-de-13-dias","status":"publish","type":"post","link":"https:\/\/www.caririemacao.com\/1\/2020\/03\/02\/policiais-encerram-motim-no-ceara-depois-de-13-dias\/","title":{"rendered":"Policiais encerram motim no Cear\u00e1 depois de 13 dias"},"content":{"rendered":"\n<p>Os policiais militares que seguiam amotinados no 18\u00ba Batalh\u00e3o da PM, em Fortaleza, votaram por terminar o motim na noite deste domingo (1\u00ba).<\/p>\n\n\n\n<p>Depois de 13 dias de paralisa\u00e7\u00e3o, os PMs aceitaram a proposta de aumentos escalonados definida mais cedo pela comiss\u00e3o especial&nbsp;formada por membros dos tr\u00eas poderes estaduais e por representantes dos policiais.<\/p>\n\n\n\n<p>Um dos pontos do acordo \u00e9 que os policiais retornem aos postos de trabalho nesta segunda-feira (2).<\/p>\n\n\n\n<p>A principal reivindica\u00e7\u00e3o dos policiais para encerrar o motim, a anistia aos militares envolvidos na manifesta\u00e7\u00e3o, n\u00e3o foi atendida pelo Governo do Estado. Desde o in\u00edcio do motim dos policiais, o&nbsp;n\u00famero de homic\u00eddios no Cear\u00e1 teve um forte aumento. O crescimento nas mortes violentas foi 138% quando comparados os primeiros 25 dias do m\u00eas de fevereiro de 2019 e 2020.<\/p>\n","protected":false},"excerpt":{"rendered":"<p>Os policiais militares que seguiam amotinados no 18\u00ba Batalh\u00e3o da PM, em Fortaleza, votaram por terminar o motim na noite deste domingo (1\u00ba). Depois de&hellip; <\/p>\n","protected":false},"author":2,"featured_media":156016,"comment_status":"closed","ping_status":"closed","sticky":false,"template":"","format":"standard","meta":{"sfsi_plus_gutenberg_text_before_share":"","sfsi_plus_gutenberg_show_text_before_share":"","sfsi_plus_gutenberg_icon_type":"","sfsi_plus_gutenberg_icon_alignemt":"","sfsi_plus_gutenburg_max_per_row":"","footnotes":""},"categories":[12],"tags":[],"class_list":["post-156015","post","type-post","status-publish","format-standard","has-post-thumbnail","hentry","category-policia"],"_links":{"self":[{"href":"https:\/\/www.caririemacao.com\/1\/wp-json\/wp\/v2\/posts\/156015","targetHints":{"allow":["GET"]}}],"collection":[{"href":"https:\/\/www.caririemacao.com\/1\/wp-json\/wp\/v2\/posts"}],"about":[{"href":"https:\/\/www.caririemacao.com\/1\/wp-json\/wp\/v2\/types\/post"}],"author":[{"embeddable":true,"href":"https:\/\/www.caririemacao.com\/1\/wp-json\/wp\/v2\/users\/2"}],"replies":[{"embeddable":true,"href":"https:\/\/www.caririemacao.com\/1\/wp-json\/wp\/v2\/comments?post=156015"}],"version-history":[{"count":1,"href":"https:\/\/www.caririemacao.com\/1\/wp-json\/wp\/v2\/posts\/156015\/revisions"}],"predecessor-version":[{"id":156017,"href":"https:\/\/www.caririemacao.com\/1\/wp-json\/wp\/v2\/posts\/156015\/revisions\/156017"}],"wp:featuredmedia":[{"embeddable":true,"href":"https:\/\/www.caririemacao.com\/1\/wp-json\/wp\/v2\/media\/156016"}],"wp:attachment":[{"href":"https:\/\/www.caririemacao.com\/1\/wp-json\/wp\/v2\/media?parent=156015"}],"wp:term":[{"taxonomy":"category","embeddable":true,"href":"https:\/\/www.caririemacao.com\/1\/wp-json\/wp\/v2\/categories?post=156015"},{"taxonomy":"post_tag","embeddable":true,"href":"https:\/\/www.caririemacao.com\/1\/wp-json\/wp\/v2\/tags?post=156015"}],"curies":[{"name":"wp","href":"https:\/\/api.w.org\/{rel}","templated":true}]}}