{"id":156019,"date":"2020-03-02T09:04:32","date_gmt":"2020-03-02T12:04:32","guid":{"rendered":"http:\/\/www.caririemacao.com\/1\/?p=156019"},"modified":"2020-03-02T09:04:33","modified_gmt":"2020-03-02T12:04:33","slug":"com-chuvas-no-cariri-e-cheia-no-rio-taperoa-acude-de-boqueirao-tem-aumento-de-45-centimetros-na-lamina-dagua","status":"publish","type":"post","link":"https:\/\/www.caririemacao.com\/1\/2020\/03\/02\/com-chuvas-no-cariri-e-cheia-no-rio-taperoa-acude-de-boqueirao-tem-aumento-de-45-centimetros-na-lamina-dagua\/","title":{"rendered":"Com chuvas no Cariri e cheia no Rio Tapero\u00e1, A\u00e7ude de Boqueir\u00e3o tem aumento de 45 cent\u00edmetros na lamina d\u2019\u00e1gua"},"content":{"rendered":"\n<p>As fortes chuvas que v\u00eam caindo na regi\u00e3o do Cariri paraibano t\u00eam proporcionado um significativo ac\u00famulo d\u2019\u00e1gua no a\u00e7ude Epit\u00e1cio Pessoa (Boqueir\u00e3o), manancial respons\u00e1vel pelo abastecimento de Campina Grande e mais 18 munic\u00edpios da regi\u00e3o.<\/p>\n\n\n\n<p>De acordo com dados coletados pelo engenheiro agr\u00f4nomo Isnaldo Costa,no in\u00edcio da manh\u00e3 desta segunda-feira (02), o a\u00e7ude de Boqueir\u00e3o, como \u00e9 mais conhecido, recebeu um grande aporte h\u00eddrico de de 6.401.666 m\u00b3, o que permitiu um aumento de 45 cent\u00edmetros em sua l\u00e2mina d\u2019\u00e1gua.<\/p>\n\n\n\n<p>O manancial apresentou um volume significativo de \u00e1gua recebendo 106.861.851 m\u00b3, estando atualmente com 22,9% de sua capacidade.<\/p>\n\n\n\n<p>O Boqueir\u00e3o \u00e9 um dos maiores reservat\u00f3rios do Estado e continua recebendo \u00e1guas do Rio Tapero\u00e1, que continua cheio e levando mais \u00e1gua. A capacidade total do manancial \u00e9 de 436 milh\u00f5es metros c\u00fabicos, que abastece 20 localidades, sendo 18 munic\u00edpios e dois distritos de Campina Grande, cidade que tem o maior consumo dessas \u00e1guas.<\/p>\n\n\n\n<p><em>Com Isnaldo Costa e Pedro Hon\u00f3rio<\/em><\/p>\n","protected":false},"excerpt":{"rendered":"<p>As fortes chuvas que v\u00eam caindo na regi\u00e3o do Cariri paraibano t\u00eam proporcionado um significativo ac\u00famulo d\u2019\u00e1gua no a\u00e7ude Epit\u00e1cio Pessoa (Boqueir\u00e3o), manancial respons\u00e1vel pelo&hellip; <\/p>\n","protected":false},"author":2,"featured_media":156020,"comment_status":"closed","ping_status":"closed","sticky":false,"template":"","format":"standard","meta":{"sfsi_plus_gutenberg_text_before_share":"","sfsi_plus_gutenberg_show_text_before_share":"","sfsi_plus_gutenberg_icon_type":"","sfsi_plus_gutenberg_icon_alignemt":"","sfsi_plus_gutenburg_max_per_row":"","footnotes":""},"categories":[6],"tags":[],"class_list":["post-156019","post","type-post","status-publish","format-standard","has-post-thumbnail","hentry","category-cidades"],"_links":{"self":[{"href":"https:\/\/www.caririemacao.com\/1\/wp-json\/wp\/v2\/posts\/156019","targetHints":{"allow":["GET"]}}],"collection":[{"href":"https:\/\/www.caririemacao.com\/1\/wp-json\/wp\/v2\/posts"}],"about":[{"href":"https:\/\/www.caririemacao.com\/1\/wp-json\/wp\/v2\/types\/post"}],"author":[{"embeddable":true,"href":"https:\/\/www.caririemacao.com\/1\/wp-json\/wp\/v2\/users\/2"}],"replies":[{"embeddable":true,"href":"https:\/\/www.caririemacao.com\/1\/wp-json\/wp\/v2\/comments?post=156019"}],"version-history":[{"count":1,"href":"https:\/\/www.caririemacao.com\/1\/wp-json\/wp\/v2\/posts\/156019\/revisions"}],"predecessor-version":[{"id":156021,"href":"https:\/\/www.caririemacao.com\/1\/wp-json\/wp\/v2\/posts\/156019\/revisions\/156021"}],"wp:featuredmedia":[{"embeddable":true,"href":"https:\/\/www.caririemacao.com\/1\/wp-json\/wp\/v2\/media\/156020"}],"wp:attachment":[{"href":"https:\/\/www.caririemacao.com\/1\/wp-json\/wp\/v2\/media?parent=156019"}],"wp:term":[{"taxonomy":"category","embeddable":true,"href":"https:\/\/www.caririemacao.com\/1\/wp-json\/wp\/v2\/categories?post=156019"},{"taxonomy":"post_tag","embeddable":true,"href":"https:\/\/www.caririemacao.com\/1\/wp-json\/wp\/v2\/tags?post=156019"}],"curies":[{"name":"wp","href":"https:\/\/api.w.org\/{rel}","templated":true}]}}