{"id":156023,"date":"2020-03-02T09:08:29","date_gmt":"2020-03-02T12:08:29","guid":{"rendered":"http:\/\/www.caririemacao.com\/1\/?p=156023"},"modified":"2020-03-02T09:08:31","modified_gmt":"2020-03-02T12:08:31","slug":"prefeito-de-camalau-recepciona-sargento-denis-e-outras-liderancas-do-pv","status":"publish","type":"post","link":"https:\/\/www.caririemacao.com\/1\/2020\/03\/02\/prefeito-de-camalau-recepciona-sargento-denis-e-outras-liderancas-do-pv\/","title":{"rendered":"Prefeito de Camala\u00fa recepciona Sargento D\u00eanis e outras lideran\u00e7as do PV"},"content":{"rendered":"\n<figure class=\"wp-block-image\"><img decoding=\"async\" data-src=\"https:\/\/scontent.fcpv1-1.fna.fbcdn.net\/v\/t1.0-9\/88055236_1914695021994192_9216142546038685696_n.jpg?_nc_cat=102&amp;_nc_sid=110474&amp;_nc_eui2=AeEc7djV1FUff02m2qdXH72Bu00YJ9EPbu4pnvFsOYG-LfoDZgKxrXhtMOiUNnpXB7TcnWdGF7Ya4CjR4PkSdU4s5BhcYWCP-BjmO75vUPLhqQ&amp;_nc_ohc=TNpUXYR-65EAX9h4KeM&amp;_nc_ht=scontent.fcpv1-1.fna&amp;oh=04e7d1defb1923eb2b96011cbbc89e92&amp;oe=5EFCCCC3\" alt=\"A imagem pode conter: 3 pessoas, pessoas sorrindo, pessoas em p\u00e9\" src=\"data:image\/svg+xml;base64,PHN2ZyB3aWR0aD0iMSIgaGVpZ2h0PSIxIiB4bWxucz0iaHR0cDovL3d3dy53My5vcmcvMjAwMC9zdmciPjwvc3ZnPg==\" class=\"lazyload\" \/><\/figure>\n\n\n\n<p>O prefeito de Camala\u00fa Sandro M\u00f4co participou neste domingo, 01, do 1\u00ba Encontro do Partido Verde do Cariri paraibano, evento coordenado pelo professor Ant\u00f4nio Mariano e que aconteceu na cidade de Camala\u00fa.<\/p>\n\n\n\n<p><br>O evento realizado no CEHAGRO contou com uma vasta programa\u00e7\u00e3o, e tinha foco na discuss\u00e3o de formas de incentivar e fomentar a gera\u00e7\u00e3o de emprego e renda na regi\u00e3o, apostando nas potencialidades do Cariri.<\/p>\n\n\n\n<p><br>Na ocasi\u00e3o, o prefeito recepcionou visitantes e autoridades, como por exemplo Sargento D\u00eanis, uma das maiores lideran\u00e7as da hist\u00f3ria do partido Verde na Para\u00edba.<\/p>\n\n\n\n<p><br>Sargento D\u00eanis, \u00e9 policial militar, j\u00e1 foi secret\u00e1rio de Administra\u00e7\u00e3o Penitenci\u00e1ria da Para\u00edba, e Secretaria de Seguran\u00e7a Urbana e Cidadania de Jo\u00e3o Pessoa, al\u00e9m de ser um dos primeiros l\u00edderes do PV no estado.<\/p>\n\n\n\n<p><br>O Partido Verde figura de forma destacada na pol\u00edtica camalauense, tendo em suas fileiras nomes como o do pr\u00f3prio ex-prefeito Ant\u00f4nio Mariano, e o do vice-prefeito Kiel S\u00f3stenes.<\/p>\n\n\n\n<p><br>\u201cO Partido Verde tem dado uma grande colabora\u00e7\u00e3o \u00e1 nossa gest\u00e3o como partido que ocupa lugar de destaque na base governista, tendo inclusive o nosso vice-prefeito Kiel que tanto trabalha por nosso povo, e agradecemos a discuss\u00e3o em torno de um tema t\u00e3o relevante com a presen\u00e7a de nomes de destaque, como \u00e9 o caso do amigo Sargento D\u00eanis\u201d, disse o prefeito Sandro M\u00f4co.<\/p>\n\n\n\n<p><br>F\u00c1BIO BRITO<\/p>\n","protected":false},"excerpt":{"rendered":"<p>O prefeito de Camala\u00fa Sandro M\u00f4co participou neste domingo, 01, do 1\u00ba Encontro do Partido Verde do Cariri paraibano, evento coordenado pelo professor Ant\u00f4nio Mariano&hellip; <\/p>\n","protected":false},"author":2,"featured_media":156024,"comment_status":"closed","ping_status":"closed","sticky":false,"template":"","format":"standard","meta":{"sfsi_plus_gutenberg_text_before_share":"","sfsi_plus_gutenberg_show_text_before_share":"","sfsi_plus_gutenberg_icon_type":"","sfsi_plus_gutenberg_icon_alignemt":"","sfsi_plus_gutenburg_max_per_row":"","footnotes":""},"categories":[6],"tags":[],"class_list":["post-156023","post","type-post","status-publish","format-standard","has-post-thumbnail","hentry","category-cidades"],"_links":{"self":[{"href":"https:\/\/www.caririemacao.com\/1\/wp-json\/wp\/v2\/posts\/156023","targetHints":{"allow":["GET"]}}],"collection":[{"href":"https:\/\/www.caririemacao.com\/1\/wp-json\/wp\/v2\/posts"}],"about":[{"href":"https:\/\/www.caririemacao.com\/1\/wp-json\/wp\/v2\/types\/post"}],"author":[{"embeddable":true,"href":"https:\/\/www.caririemacao.com\/1\/wp-json\/wp\/v2\/users\/2"}],"replies":[{"embeddable":true,"href":"https:\/\/www.caririemacao.com\/1\/wp-json\/wp\/v2\/comments?post=156023"}],"version-history":[{"count":1,"href":"https:\/\/www.caririemacao.com\/1\/wp-json\/wp\/v2\/posts\/156023\/revisions"}],"predecessor-version":[{"id":156025,"href":"https:\/\/www.caririemacao.com\/1\/wp-json\/wp\/v2\/posts\/156023\/revisions\/156025"}],"wp:featuredmedia":[{"embeddable":true,"href":"https:\/\/www.caririemacao.com\/1\/wp-json\/wp\/v2\/media\/156024"}],"wp:attachment":[{"href":"https:\/\/www.caririemacao.com\/1\/wp-json\/wp\/v2\/media?parent=156023"}],"wp:term":[{"taxonomy":"category","embeddable":true,"href":"https:\/\/www.caririemacao.com\/1\/wp-json\/wp\/v2\/categories?post=156023"},{"taxonomy":"post_tag","embeddable":true,"href":"https:\/\/www.caririemacao.com\/1\/wp-json\/wp\/v2\/tags?post=156023"}],"curies":[{"name":"wp","href":"https:\/\/api.w.org\/{rel}","templated":true}]}}