{"id":156033,"date":"2020-03-02T09:21:43","date_gmt":"2020-03-02T12:21:43","guid":{"rendered":"http:\/\/www.caririemacao.com\/1\/?p=156033"},"modified":"2020-03-02T09:21:44","modified_gmt":"2020-03-02T12:21:44","slug":"prefeitura-de-monteiro-faz-mais-uma-entrega-de-cestas-sociais-para-familias-carentes","status":"publish","type":"post","link":"https:\/\/www.caririemacao.com\/1\/2020\/03\/02\/prefeitura-de-monteiro-faz-mais-uma-entrega-de-cestas-sociais-para-familias-carentes\/","title":{"rendered":"Prefeitura de Monteiro faz mais uma entrega de Cestas Sociais para fam\u00edlias carentes"},"content":{"rendered":"\n<p>Nesta segunda-feira, 02, a Prefeitura Municipal de Monteiro, atrav\u00e9s da Secretaria de Desenvolvimento Social, realiza a entrega de mais 500 cestas b\u00e1sicas atrav\u00e9s do Programa Cesta Social \u00e0s fam\u00edlias em situa\u00e7\u00e3o de vulnerabilidade social, identificadas no Cadastro Social no munic\u00edpio.<\/p>\n\n\n\n<p>A entrega acontece no per\u00edodo da tarde, das 14 \u00e0s 18 horas. Para receber o benef\u00edcio \u00e9 necess\u00e1rio que os benefici\u00e1rios estejam com o cart\u00e3o e o RG em m\u00e3os.<\/p>\n\n\n\n<p><br>A Cesta Social foi implantada no munic\u00edpio de Monteiro no m\u00eas de outubro e desde ent\u00e3o beneficia 500 fam\u00edlias mensalmente com alimentos b\u00e1sicos, como feij\u00e3o, arroz, \u00f3leo, macarr\u00e3o, a\u00e7\u00facar e outros.<\/p>\n\n\n\n<p> Este benef\u00edcio \u00e9 resultado das a\u00e7\u00f5es do Desenvolvimento Social, que observa e atende as fam\u00edlias mais necessitadas. O recurso para tal vem da receita municipal e s\u00f3 \u00e9 poss\u00edvel gra\u00e7as ao equil\u00edbrio financeiro do munic\u00edpio.<\/p>\n\n\n\n<p> \u201c\u00c9 muito satisfat\u00f3rio poder contribuir para a melhoria das condi\u00e7\u00f5es de vida dos monteirenses que mais necessitam\u201d, conta a prefeita Anna Lorena.<\/p>\n","protected":false},"excerpt":{"rendered":"<p>Nesta segunda-feira, 02, a Prefeitura Municipal de Monteiro, atrav\u00e9s da Secretaria de Desenvolvimento Social, realiza a entrega de mais 500 cestas b\u00e1sicas atrav\u00e9s do Programa&hellip; <\/p>\n","protected":false},"author":2,"featured_media":156034,"comment_status":"closed","ping_status":"closed","sticky":false,"template":"","format":"standard","meta":{"sfsi_plus_gutenberg_text_before_share":"","sfsi_plus_gutenberg_show_text_before_share":"","sfsi_plus_gutenberg_icon_type":"","sfsi_plus_gutenberg_icon_alignemt":"","sfsi_plus_gutenburg_max_per_row":"","footnotes":""},"categories":[2],"tags":[],"class_list":["post-156033","post","type-post","status-publish","format-standard","has-post-thumbnail","hentry","category-geral"],"_links":{"self":[{"href":"https:\/\/www.caririemacao.com\/1\/wp-json\/wp\/v2\/posts\/156033","targetHints":{"allow":["GET"]}}],"collection":[{"href":"https:\/\/www.caririemacao.com\/1\/wp-json\/wp\/v2\/posts"}],"about":[{"href":"https:\/\/www.caririemacao.com\/1\/wp-json\/wp\/v2\/types\/post"}],"author":[{"embeddable":true,"href":"https:\/\/www.caririemacao.com\/1\/wp-json\/wp\/v2\/users\/2"}],"replies":[{"embeddable":true,"href":"https:\/\/www.caririemacao.com\/1\/wp-json\/wp\/v2\/comments?post=156033"}],"version-history":[{"count":1,"href":"https:\/\/www.caririemacao.com\/1\/wp-json\/wp\/v2\/posts\/156033\/revisions"}],"predecessor-version":[{"id":156035,"href":"https:\/\/www.caririemacao.com\/1\/wp-json\/wp\/v2\/posts\/156033\/revisions\/156035"}],"wp:featuredmedia":[{"embeddable":true,"href":"https:\/\/www.caririemacao.com\/1\/wp-json\/wp\/v2\/media\/156034"}],"wp:attachment":[{"href":"https:\/\/www.caririemacao.com\/1\/wp-json\/wp\/v2\/media?parent=156033"}],"wp:term":[{"taxonomy":"category","embeddable":true,"href":"https:\/\/www.caririemacao.com\/1\/wp-json\/wp\/v2\/categories?post=156033"},{"taxonomy":"post_tag","embeddable":true,"href":"https:\/\/www.caririemacao.com\/1\/wp-json\/wp\/v2\/tags?post=156033"}],"curies":[{"name":"wp","href":"https:\/\/api.w.org\/{rel}","templated":true}]}}