{"id":156039,"date":"2020-03-02T11:41:26","date_gmt":"2020-03-02T14:41:26","guid":{"rendered":"http:\/\/www.caririemacao.com\/1\/?p=156039"},"modified":"2020-03-02T11:41:28","modified_gmt":"2020-03-02T14:41:28","slug":"pm-apreende-diversas-armas-de-fogo-no-cariri","status":"publish","type":"post","link":"https:\/\/www.caririemacao.com\/1\/2020\/03\/02\/pm-apreende-diversas-armas-de-fogo-no-cariri\/","title":{"rendered":"PM apreende diversas armas de fogo no Cariri"},"content":{"rendered":"\n<p>A Pol\u00edcia Militar recebeu uma den\u00fancia de que no S\u00edtio Coelho na cidade de Camala\u00fa-PB,  um senhor conhecido por Bacalhau, estava transitando na comunidade com um rev\u00f3lver na cintura. <\/p>\n\n\n\n<p>Uma guarni\u00e7\u00e3o foi ao local e encontrou o irm\u00e3o do suspeito, onde disse que o acusado possu\u00eda diversas armas, e autorizou entrada no im\u00f3vel. <\/p>\n\n\n\n<p>Ao efetuar buscas, foram encontrados um rev\u00f3lver marca Taurus de calibre 38; uma espingarda calibre 32, marca PSF PM; uma espingarda marca Rossi de calibre 20, uma espingarda de antecarga tipo soca-soca e muni\u00e7\u00f5es de diversos calibres. Os objetos apreendidos foram encaminhados para a Delegacia de Monteiro-PB.<\/p>\n\n\n\n<p><\/p>\n\n\n\n<p><em>MAJOR QOC BRUNO<\/em><br> SUB CMT 11\u00b0 BPM<\/p>\n","protected":false},"excerpt":{"rendered":"<p>A Pol\u00edcia Militar recebeu uma den\u00fancia de que no S\u00edtio Coelho na cidade de Camala\u00fa-PB, um senhor conhecido por Bacalhau, estava transitando na comunidade com&hellip; <\/p>\n","protected":false},"author":1,"featured_media":156040,"comment_status":"closed","ping_status":"closed","sticky":false,"template":"","format":"standard","meta":{"sfsi_plus_gutenberg_text_before_share":"","sfsi_plus_gutenberg_show_text_before_share":"","sfsi_plus_gutenberg_icon_type":"","sfsi_plus_gutenberg_icon_alignemt":"","sfsi_plus_gutenburg_max_per_row":"","footnotes":""},"categories":[6,12],"tags":[],"class_list":["post-156039","post","type-post","status-publish","format-standard","has-post-thumbnail","hentry","category-cidades","category-policia"],"_links":{"self":[{"href":"https:\/\/www.caririemacao.com\/1\/wp-json\/wp\/v2\/posts\/156039","targetHints":{"allow":["GET"]}}],"collection":[{"href":"https:\/\/www.caririemacao.com\/1\/wp-json\/wp\/v2\/posts"}],"about":[{"href":"https:\/\/www.caririemacao.com\/1\/wp-json\/wp\/v2\/types\/post"}],"author":[{"embeddable":true,"href":"https:\/\/www.caririemacao.com\/1\/wp-json\/wp\/v2\/users\/1"}],"replies":[{"embeddable":true,"href":"https:\/\/www.caririemacao.com\/1\/wp-json\/wp\/v2\/comments?post=156039"}],"version-history":[{"count":1,"href":"https:\/\/www.caririemacao.com\/1\/wp-json\/wp\/v2\/posts\/156039\/revisions"}],"predecessor-version":[{"id":156041,"href":"https:\/\/www.caririemacao.com\/1\/wp-json\/wp\/v2\/posts\/156039\/revisions\/156041"}],"wp:featuredmedia":[{"embeddable":true,"href":"https:\/\/www.caririemacao.com\/1\/wp-json\/wp\/v2\/media\/156040"}],"wp:attachment":[{"href":"https:\/\/www.caririemacao.com\/1\/wp-json\/wp\/v2\/media?parent=156039"}],"wp:term":[{"taxonomy":"category","embeddable":true,"href":"https:\/\/www.caririemacao.com\/1\/wp-json\/wp\/v2\/categories?post=156039"},{"taxonomy":"post_tag","embeddable":true,"href":"https:\/\/www.caririemacao.com\/1\/wp-json\/wp\/v2\/tags?post=156039"}],"curies":[{"name":"wp","href":"https:\/\/api.w.org\/{rel}","templated":true}]}}