{"id":156048,"date":"2020-03-02T12:36:10","date_gmt":"2020-03-02T15:36:10","guid":{"rendered":"http:\/\/www.caririemacao.com\/1\/?p=156048"},"modified":"2020-03-02T12:36:11","modified_gmt":"2020-03-02T15:36:11","slug":"estabelecimentos-comerciais-sao-alvos-de-assaltos-em-caraubas-e-sao-domingos-do-cariri","status":"publish","type":"post","link":"https:\/\/www.caririemacao.com\/1\/2020\/03\/02\/estabelecimentos-comerciais-sao-alvos-de-assaltos-em-caraubas-e-sao-domingos-do-cariri\/","title":{"rendered":"Estabelecimentos comerciais s\u00e3o alvos de assaltos em Cara\u00fabas e S\u00e3o Domingos do Cariri"},"content":{"rendered":"\n<p>Dois homens armados em uma moto atacaram estabelecimentos comerciais em duas cidades vizinhas na regi\u00e3o do Cariri, na manh\u00e3 desta segunda-feira (02). Os alvos foram uma loja de cal\u00e7ados, localizada em Cara\u00fabas, e uma farm\u00e1cia, no munic\u00edpio de S\u00e3o Domingos do Cariri.<\/p>\n\n\n\n<p>Segundo informa\u00e7\u00f5es apuradas pela equipe de jornalismo do portal De Olho no Cariri, os bandidos foram inicialmente em Cara\u00fabas e l\u00e1 anunciaram o assalto \u00e0 loja Eduardo Cal\u00e7ados, de onde subtra\u00edram certa quantia em dinheiro.<\/p>\n\n\n\n<p>Em uma a\u00e7\u00e3o r\u00e1pida, eles se dirigiram a S\u00e3o Domingos do Cariri e l\u00e1 roubaram uma farm\u00e1cia, de onde tamb\u00e9m subtra\u00edram numer\u00e1rio, cujo valor n\u00e3o foi informado.<\/p>\n\n\n\n<p>Os bandidos fugiram no sentido Cabaceiras e a popula\u00e7\u00e3o deve ficar alerta. A falta de policiais nos munic\u00edpios tem deixado por vezes as cidades sem seguran\u00e7a e a popula\u00e7\u00e3o amedrontada.<\/p>\n\n\n\n<p><strong>De Olho no Cariri<\/strong><\/p>\n","protected":false},"excerpt":{"rendered":"<p>Dois homens armados em uma moto atacaram estabelecimentos comerciais em duas cidades vizinhas na regi\u00e3o do Cariri, na manh\u00e3 desta segunda-feira (02). Os alvos foram&hellip; <\/p>\n","protected":false},"author":1,"featured_media":86958,"comment_status":"closed","ping_status":"closed","sticky":false,"template":"","format":"standard","meta":{"sfsi_plus_gutenberg_text_before_share":"","sfsi_plus_gutenberg_show_text_before_share":"","sfsi_plus_gutenberg_icon_type":"","sfsi_plus_gutenberg_icon_alignemt":"","sfsi_plus_gutenburg_max_per_row":"","footnotes":""},"categories":[50,12],"tags":[],"class_list":["post-156048","post","type-post","status-publish","format-standard","has-post-thumbnail","hentry","category-destaque","category-policia"],"_links":{"self":[{"href":"https:\/\/www.caririemacao.com\/1\/wp-json\/wp\/v2\/posts\/156048","targetHints":{"allow":["GET"]}}],"collection":[{"href":"https:\/\/www.caririemacao.com\/1\/wp-json\/wp\/v2\/posts"}],"about":[{"href":"https:\/\/www.caririemacao.com\/1\/wp-json\/wp\/v2\/types\/post"}],"author":[{"embeddable":true,"href":"https:\/\/www.caririemacao.com\/1\/wp-json\/wp\/v2\/users\/1"}],"replies":[{"embeddable":true,"href":"https:\/\/www.caririemacao.com\/1\/wp-json\/wp\/v2\/comments?post=156048"}],"version-history":[{"count":1,"href":"https:\/\/www.caririemacao.com\/1\/wp-json\/wp\/v2\/posts\/156048\/revisions"}],"predecessor-version":[{"id":156049,"href":"https:\/\/www.caririemacao.com\/1\/wp-json\/wp\/v2\/posts\/156048\/revisions\/156049"}],"wp:featuredmedia":[{"embeddable":true,"href":"https:\/\/www.caririemacao.com\/1\/wp-json\/wp\/v2\/media\/86958"}],"wp:attachment":[{"href":"https:\/\/www.caririemacao.com\/1\/wp-json\/wp\/v2\/media?parent=156048"}],"wp:term":[{"taxonomy":"category","embeddable":true,"href":"https:\/\/www.caririemacao.com\/1\/wp-json\/wp\/v2\/categories?post=156048"},{"taxonomy":"post_tag","embeddable":true,"href":"https:\/\/www.caririemacao.com\/1\/wp-json\/wp\/v2\/tags?post=156048"}],"curies":[{"name":"wp","href":"https:\/\/api.w.org\/{rel}","templated":true}]}}