{"id":156057,"date":"2020-03-02T13:39:14","date_gmt":"2020-03-02T16:39:14","guid":{"rendered":"http:\/\/www.caririemacao.com\/1\/?p=156057"},"modified":"2020-03-02T13:39:16","modified_gmt":"2020-03-02T16:39:16","slug":"urgente-divulgados-mais-dois-casos-suspeitos-de-coronavirus-na-paraiba","status":"publish","type":"post","link":"https:\/\/www.caririemacao.com\/1\/2020\/03\/02\/urgente-divulgados-mais-dois-casos-suspeitos-de-coronavirus-na-paraiba\/","title":{"rendered":"Urgente: Divulgados mais dois casos suspeitos de coronav\u00edrus na Para\u00edba"},"content":{"rendered":"\n<p><br>Osecret\u00e1rio de Sa\u00fade da Para\u00edba, Geraldo Medeiros, anunciou durante entrevista concedida a uma emissora de r\u00e1dio nesta segunda-feira (2) que mais dois pacientes est\u00e3o sendo monitorados no Estado com suspeita de contamina\u00e7\u00e3o do coronav\u00edrus.<\/p>\n\n\n\n<p>De acordo com Geraldo, os pacientes realizaram uma viagem \u00e0 Fran\u00e7a e apresentaram sintomas da doen\u00e7a.<\/p>\n\n\n\n<p>\u2013 Os pacientes representam um casal que esteve em viagem \u00e0 Fran\u00e7a e que depois de seis dias iniciou sintomas respirat\u00f3rios. O casal est\u00e1 em casa, monitorado e em quarentena de 14 dias \u2013 disse Medeiros.<\/p>\n\n\n\n<figure class=\"wp-block-image\"><img decoding=\"async\" data-src=\"https:\/\/paraibaonline.com.br\/wp-content\/uploads\/2019\/12\/geraldo-medeiros1812.jpg\" alt=\"Foto: Paraibaonline\" class=\"wp-image-825818 lazyload\" src=\"data:image\/svg+xml;base64,PHN2ZyB3aWR0aD0iMSIgaGVpZ2h0PSIxIiB4bWxucz0iaHR0cDovL3d3dy53My5vcmcvMjAwMC9zdmciPjwvc3ZnPg==\" \/><\/figure>\n\n\n\n<p>Foto: Paraibaonline<\/p>\n\n\n\n<p>Al\u00e9m disso, o secret\u00e1rio falou que amostras de sangue foram coletadas e enviadas para laborat\u00f3rios com o objetivo de confirmar se os pacientes contra\u00edram o coronav\u00edrus.<\/p>\n\n\n\n<p>\u2013 Foi realizada a coleta de exames, enviada para o Lacen e para o Instituto Evandro Chagas. Estamos aguardando para ter\u00e7a ou quarta-feira o resultado desses exames no sentido de definir se \u00e9 coronav\u00edrus ou n\u00e3o \u2013 &nbsp;destacou.<\/p>\n\n\n\n<p>Na \u00faltima sexta-feira (28), o exame do paciente internado em Jo\u00e3o Pessoa com suspeita de contamina\u00e7\u00e3o do\u00a0coronav\u00edrus teve o resultado negativo.<\/p>\n","protected":false},"excerpt":{"rendered":"<p>Osecret\u00e1rio de Sa\u00fade da Para\u00edba, Geraldo Medeiros, anunciou durante entrevista concedida a uma emissora de r\u00e1dio nesta segunda-feira (2) que mais dois pacientes est\u00e3o sendo&hellip; <\/p>\n","protected":false},"author":2,"featured_media":155685,"comment_status":"closed","ping_status":"closed","sticky":false,"template":"","format":"standard","meta":{"sfsi_plus_gutenberg_text_before_share":"","sfsi_plus_gutenberg_show_text_before_share":"","sfsi_plus_gutenberg_icon_type":"","sfsi_plus_gutenberg_icon_alignemt":"","sfsi_plus_gutenburg_max_per_row":"","footnotes":""},"categories":[50,2],"tags":[],"class_list":["post-156057","post","type-post","status-publish","format-standard","has-post-thumbnail","hentry","category-destaque","category-geral"],"_links":{"self":[{"href":"https:\/\/www.caririemacao.com\/1\/wp-json\/wp\/v2\/posts\/156057","targetHints":{"allow":["GET"]}}],"collection":[{"href":"https:\/\/www.caririemacao.com\/1\/wp-json\/wp\/v2\/posts"}],"about":[{"href":"https:\/\/www.caririemacao.com\/1\/wp-json\/wp\/v2\/types\/post"}],"author":[{"embeddable":true,"href":"https:\/\/www.caririemacao.com\/1\/wp-json\/wp\/v2\/users\/2"}],"replies":[{"embeddable":true,"href":"https:\/\/www.caririemacao.com\/1\/wp-json\/wp\/v2\/comments?post=156057"}],"version-history":[{"count":1,"href":"https:\/\/www.caririemacao.com\/1\/wp-json\/wp\/v2\/posts\/156057\/revisions"}],"predecessor-version":[{"id":156058,"href":"https:\/\/www.caririemacao.com\/1\/wp-json\/wp\/v2\/posts\/156057\/revisions\/156058"}],"wp:featuredmedia":[{"embeddable":true,"href":"https:\/\/www.caririemacao.com\/1\/wp-json\/wp\/v2\/media\/155685"}],"wp:attachment":[{"href":"https:\/\/www.caririemacao.com\/1\/wp-json\/wp\/v2\/media?parent=156057"}],"wp:term":[{"taxonomy":"category","embeddable":true,"href":"https:\/\/www.caririemacao.com\/1\/wp-json\/wp\/v2\/categories?post=156057"},{"taxonomy":"post_tag","embeddable":true,"href":"https:\/\/www.caririemacao.com\/1\/wp-json\/wp\/v2\/tags?post=156057"}],"curies":[{"name":"wp","href":"https:\/\/api.w.org\/{rel}","templated":true}]}}